{"id":1266,"date":"2022-03-08T11:26:13","date_gmt":"2022-03-08T10:26:13","guid":{"rendered":"https:\/\/blog.eprivacy.eu\/?p=1266"},"modified":"2022-03-08T11:51:55","modified_gmt":"2022-03-08T10:51:55","slug":"eprivacy-vortrag-im-rahmen-des-digital-health-workshop-der-universitaet-hamburg","status":"publish","type":"post","link":"https:\/\/blog.eprivacy.eu\/?p=1266&lang=de","title":{"rendered":"ePrivacy Vortrag im Rahmen des Digital Health Workshop der Universit\u00e4t Hamburg"},"content":{"rendered":"\n<p class=\"has-medium-font-size\"><strong>Workshop<\/strong> 1<meta charset=\"utf-8\"><strong>7.\/18.03. 2022<\/strong><\/p>\n\n\n\n<p class=\"has-medium-font-size\"><strong><br>Digital Health \u2013 Rechtliche Rahmenbedingungen der Digitalisierung des Gesundheitswesen<\/strong><\/p>\n\n\n\n<p>Digitalisierung und k\u00fcnstliche Intelligenz (KI) halten Einzug in alle Lebensbereiche, auch in den Gesundheitsbereich. Die Politik erhofft sich dadurch einen besseren Zugang zur medizinischen Versorgung sowie eine Wirtschaftlichkeits- und Qualit\u00e4tssteigerung in der Medizin. Die technische Entwicklung ist zu begr\u00fc\u00dfen. Sie bringt aber auch Herausforderungen mit sich, denen wir aus rechtswissenschaftlicher und ethisch informierter Sicht nachsp\u00fcren wollen \u2013 eine lohnenswerte Aufgabe, weil das Thema \u201eGesundheit\u201c alle betrifft.<\/p>\n\n\n\n<p>Im Rahmen des Workshops widmet man sich zun\u00e4chst den gesetzgeberischen Neuerungen im Bereich \u201eDigital Health\u201c \u2013 insbesondere der elektronischen Patientenakte sowie den digitalen Gesundheits-und Pflegeanwendungen \u2013 aus regulierungs- und datenschutzrechtlicher Sicht sowie aus rechtsvergleichender Perspektive. Gerade im medizinischen Bereich haben wir es mit sensiblen Daten zu tun, die es in besonderer Weise zu sch\u00fctzen gilt. Gleichzeitig sind m\u00f6glichst gro\u00dfe Datenmengen eine wichtige Voraussetzung, damit medizinische KI- Anwendungen zuverl\u00e4ssige Aussagen treffen k\u00f6nnen. Hier gilt es, einen angemessenen Ausgleich zwischen Innovationsf\u00f6rderung und Patienten(daten)schutz zu finden. Diesem Zielkonflikt hat sich der Gesetzgeber stellen m\u00fcssen, etwa im Rahmen des Digitalen Versorgungsgesetzes (DVG) 2019 oder des Patientendaten-Schutz-Gesetzes (PDSG) im Jahr 2020. Wie dem Gesetzgeber der Balanceakt gelungen ist, soll im Rahmen des Workshops bewertet werden.<\/p>\n\n\n\n<p>Ferner soll untersucht werden, inwieweit der Einsatz KI-basierter Systeme \u00c4nderungen der professionellen Rahmenbedingungen im Verh\u00e4ltnis zwischen \u00c4rzten und Patienten mit sich bringt. Wer \u00fcbernimmt beim Einsatz digitaler Anwendungen die Verantwortung? Wer haftet bei Fehlern?<\/p>\n\n\n\n<p>Nicht zuletzt ist der Einsatz von KI-basierten Anwendungen folgenreich f\u00fcr das gesamte Gesundheitssystem. Traditionell basiert dieses auf dem Solidarit\u00e4tsgedanken. Dieser droht allerdings zu verw\u00e4ssern, je mehr Individualisierung durch KI-Anwendungen stattfindet. All diese Entwicklungen gilt es, rechtlich zu begleiten und ggf. regulierend einzuhegen. Die \u00dcberlegungen werden durch ethische Erkenntnisse und Einblicke in die Praxis digitaler medizinischer Anwendungen angereichert.<\/p>\n\n\n\n<p><br><strong>Vortrag ePrivacy GmbH:<\/strong>\u00a0Donnerstag 17.03.2022, 14:30 bis 15:00 Uhr<\/p>\n\n\n\n<p>Prof. Dr. Christoph Bauer\u00a0spricht zum Thema:<br><em><strong>Zertifizierungen von Datenschutz und Datensicherheit f\u00fcr digitale Gesundheitsanwendungen<\/strong><\/em><\/p>\n\n\n\n<p><br><strong>Ihre Anmeldung zum Workshop:<\/strong><br><a href=\"https:\/\/uni-hamburg.zoom.us\/j\/66962212321?pwd=Nk0wWE02eDFGSy9yNlBpZ2UrSnRKUT09\">Zoom Link Workshop<\/a><br><br><strong>Ihre Anmeldung zum Anschlu\u00dfprogramm:<\/strong><br><a href=\"https:\/\/us02web.zoom.us\/j\/83976069546?pwd=QTRVWDJyZVNIQVBBMEQ2Wm9vNjErQT09\">Zoom Link Anschlu\u00dfprogramm<\/a><br><\/p>\n\n\n\n<p><strong>Anmeldung bis zum 14. M\u00e4rz 2022:<\/strong><br>an&nbsp;<a href=\"mailto:gabriele.buchholtz@uni-hamburg.de\">gabriele.buchholtz@uni-hamburg.de<\/a>&nbsp;oder&nbsp;<a href=\"mailto:hering@mpil.de\">hering@mpil.de<\/a><\/p>\n\n\n\n<p><\/p>\n\n\n\n<p><\/p>\n\n\n\n<p class=\"has-large-font-size\"><strong>Vollst\u00e4ndiges Tagungsprogramm<\/strong>:<\/p>\n\n\n\n<p class=\"has-medium-font-size\"><strong>Donnerstag, 17. M\u00e4rz 2022<\/strong><\/p>\n\n\n\n<p><strong><br>12:00\u201312:15 <\/strong><em>Begr\u00fc\u00dfung und Einf\u00fchrung<\/em>, Jun.-Prof. Dr. Gabriele Buchholtz (Universit\u00e4t Hamburg), Dr. Laura Hering, LL.M. (MPI Heidelberg)<\/p>\n\n\n\n<p><strong>Themenkomplex: Gesetzgeberische Neuerungen im Bereich \u201eDigital Health\u201c <\/strong><\/p>\n\n\n\n<p><strong>12:15\u201312:45 <\/strong><em>Die elektronische Patientenakte \u2013 Innovation f\u00fcr die Patientenversorgung odergesetzgeberische Fehlkonstruktion?<\/em>, Dr. S\u00f6ren Deister (Universit\u00e4t Hamburg)<\/p>\n\n\n\n<p><strong>12:45\u201313:15 <\/strong><em>Die elektronische Patientenakte (ePA) in rechtsvergleichender Perspektive<\/em>, Prof. Dr. Christoph Kr\u00f6nke (WU Wien)<\/p>\n\n\n\n<p><strong>13:15<\/strong><strong>\u2013<\/strong><strong>13:45 Diskussion 13:45<\/strong><strong>\u2013<\/strong><strong>14:00 Pause<\/strong><\/p>\n\n\n\n<p><strong>14:00<\/strong><strong>\u2013<\/strong><strong>14:30 <\/strong><em>Rechtliche Anforderungen an den Einsatz von Clinical Decision Support Systems in der medizinischen Versorgung<\/em>, Dr. Simone Kuhlmann (Universit\u00e4t Hamburg)<\/p>\n\n\n\n<p><strong>14:30<\/strong><strong>\u2013<\/strong><strong>15:00 <\/strong><em>Zertifizierungen von Datenschutz und Datensicherheit f\u00fcr digitale Gesundheits- anwendungen<\/em>, Prof. Dr. Christoph Bauer (ePrivacy GmbH)<\/p>\n\n\n\n<p><strong>15:00<\/strong><strong>\u2013<\/strong><strong>15:30 Diskussion<\/strong><\/p>\n\n\n\n<p><strong>15:30<\/strong><strong>\u2013<\/strong><strong>15:45 Pause<\/strong><\/p>\n\n\n\n<p><strong>15:45<\/strong><strong>\u2013<\/strong><strong>16:15 <\/strong><em>ePA, DiGA, SaMD &amp; Co. <\/em><em>\u2013 <\/em><em>Regulatorische Trends und Entwicklungen einer da- tengetriebenen Medizin<\/em>, Michael Kolain und Jonas Lange (Deutsches Forschungsinstitut f\u00fcr \u00f6ffentliche Verwaltung)<\/p>\n\n\n\n<p><strong>16:15<\/strong><strong>\u2013<\/strong><strong>16:45 <\/strong><em>Digitale Pflegeanwendung (DiPA) als neuer Baustein hin zu einer Digitalisierung des Gesundheitswesens <\/em><em>\u2013 <\/em><em>Voraussetzungen, Chancen und Herausforderungen<\/em>, Jun.-Prof. Dr. Friederike Malorny (Westf\u00e4lische Wilhelms Universit\u00e4t M\u00fcnster)<\/p>\n\n\n\n<p><strong>16:45<\/strong><strong>\u2013<\/strong><strong>17:15 Diskussion<\/strong><\/p>\n\n\n\n<p><strong>17:15<\/strong><strong>\u2013<\/strong><strong>17:30 Pause<\/strong><\/p>\n\n\n\n<p><strong>Themenkomplex: Impulse aus der Bioinformatik<\/strong><\/p>\n\n\n\n<p><strong>17:30\u201318:00 <\/strong><em>F\u00f6derierte, Datenschutz-konforme KI in der Medizin, <\/em>Prof. Dr. Jan Baumbach (Universit\u00e4t Hamburg)<\/p>\n\n\n\n<p><strong>18:00<\/strong><strong>\u2013<\/strong><strong>18:15 Diskussion<\/strong><\/p>\n\n\n\n<p><\/p>\n\n\n\n<p class=\"has-medium-font-size\"><strong>Freitag, 18. M\u00e4rz 2022<\/strong><\/p>\n\n\n\n<p><strong>Themenkomplex: Impulse aus der Ethik<\/strong><\/p>\n\n\n\n<p><strong>10:00<\/strong><strong>\u2013<\/strong><strong>10:30 <\/strong><em>Informationelle Selbstbestimmung und \u00fcberwiegendes Allgemeininteresse <\/em><em>\u2013 <\/em><em>eine ethische und rechtliche Positionsbestimmung im digitalisierten Gesundheitswesen<\/em>, Prof. Dr. Nils Hoppe (Gottfried Wilhelm Leibniz Universit\u00e4t Hannover)<\/p>\n\n\n\n<p><strong>10:30<\/strong><strong>\u2013<\/strong><strong>11:00 <\/strong><em>Healthcare 4.0 <\/em>\u2013 Moralphilosophische \u00dcberlegungen zu Versorgerwandel, alten und neuen Zielkonflikten und der Patientendienlichkeit im Digitalzeitalter, Dr. Jan-Ole Reich- ardt (Westf\u00e4lische Wilhelms Universit\u00e4t M\u00fcnster)<\/p>\n\n\n\n<p><strong>11:00\u201311:30 Diskussion <\/strong><\/p>\n\n\n\n<p><strong>11:30\u201311:45 Pause<\/strong><\/p>\n\n\n\n<p><strong>11:45\u201312:15 <\/strong><em>\u201eDigital Health: Digitalisierungsfalle oder Motor f\u00fcr einen gebotenen Paradig- menwechsel im Gesundheitswesen?\u201c, <\/em>Dr. Alina Omerbasic-Schiliro (Universit\u00e4t Duisburg-Essen)<\/p>\n\n\n\n<p><strong>12:15<\/strong><strong>\u2013<\/strong><strong>12:45 <\/strong><em>Die digitale Zukunft des Gesundheitswesens <\/em><em>\u2013 <\/em><em>Solidarit\u00e4t vs. Individualisierung<\/em>, Jun.-Prof. Dr. Gabriele Buchholtz (Universit\u00e4t Hamburg)<\/p>\n\n\n\n<p><strong>12:45\u201313:15 Diskussion <\/strong><\/p>\n\n\n\n<p><strong>13:15\u201314:00 Pause<\/strong><\/p>\n\n\n\n<p><strong>Themenkomplex: Haftung<\/strong><\/p>\n\n\n\n<p><strong>14:00\u201314:30 <\/strong><em>Medikolegale Aspekte k\u00fcnstlicher Intelligenz<\/em>, Prof. Dr. Jens Pr\u00fctting, LL.M.oec. (Bucerius Law School)<\/p>\n\n\n\n<p><strong>14:30<\/strong><strong>\u2013<\/strong><strong>15:00 <\/strong><em>Haftungsfragen der KI-basierten medizinischen Ersteinsch\u00e4tzung von Notfallpa- tienten<\/em>, Prof. Dr. Andreas Pitz (Universit\u00e4t Mannheim)<\/p>\n\n\n\n<p><strong>15:00\u201315:30 Diskussion<\/strong><\/p>\n\n\n\n<p><strong>15:30\u201315:45 <\/strong><em>Res\u00fcmee<\/em>, Dr. Laura Hering, LL.M. (MPI Heidelberg) <\/p>\n\n\n\n<p><strong>15:45\u201316:00 Schlussworte zum Workshop<\/strong><\/p>\n\n\n\n<p><strong>16:00\u201317:00 Pause<\/strong><\/p>\n\n\n\n<p><strong>17:00\u201319:00 Anschlussprogramm<\/strong>: Treffen der BMBF-e:Med-Projektgruppe Datensicherheit und Ethik (<a href=\"https:\/\/www.sys-med.de\/de\/vernetzung\/pg-datensicherheit-ethik\">https:\/\/www.sys-med.de\/de\/vernetzung\/pg-datensicherheit-ethik<\/a>)<\/p>\n","protected":false},"excerpt":{"rendered":"<p>Workshop 17.\/18.03. 2022 Digital Health \u2013 Rechtliche Rahmenbedingungen der Digitalisierung des Gesundheitswesen Digitalisierung und k\u00fcnstliche Intelligenz (KI) halten Einzug in alle Lebensbereiche,<\/p>\n<p class=\"link-more\"><a class=\"myButt \" href=\"https:\/\/blog.eprivacy.eu\/?p=1266&#038;lang=de\">Read More<\/a><\/p>\n","protected":false},"author":1,"featured_media":0,"comment_status":"closed","ping_status":"open","sticky":false,"template":"","format":"standard","meta":[],"categories":[29],"tags":[],"_links":{"self":[{"href":"https:\/\/blog.eprivacy.eu\/index.php?rest_route=\/wp\/v2\/posts\/1266"}],"collection":[{"href":"https:\/\/blog.eprivacy.eu\/index.php?rest_route=\/wp\/v2\/posts"}],"about":[{"href":"https:\/\/blog.eprivacy.eu\/index.php?rest_route=\/wp\/v2\/types\/post"}],"author":[{"embeddable":true,"href":"https:\/\/blog.eprivacy.eu\/index.php?rest_route=\/wp\/v2\/users\/1"}],"replies":[{"embeddable":true,"href":"https:\/\/blog.eprivacy.eu\/index.php?rest_route=%2Fwp%2Fv2%2Fcomments&post=1266"}],"version-history":[{"count":10,"href":"https:\/\/blog.eprivacy.eu\/index.php?rest_route=\/wp\/v2\/posts\/1266\/revisions"}],"predecessor-version":[{"id":1283,"href":"https:\/\/blog.eprivacy.eu\/index.php?rest_route=\/wp\/v2\/posts\/1266\/revisions\/1283"}],"wp:attachment":[{"href":"https:\/\/blog.eprivacy.eu\/index.php?rest_route=%2Fwp%2Fv2%2Fmedia&parent=1266"}],"wp:term":[{"taxonomy":"category","embeddable":true,"href":"https:\/\/blog.eprivacy.eu\/index.php?rest_route=%2Fwp%2Fv2%2Fcategories&post=1266"},{"taxonomy":"post_tag","embeddable":true,"href":"https:\/\/blog.eprivacy.eu\/index.php?rest_route=%2Fwp%2Fv2%2Ftags&post=1266"}],"curies":[{"name":"wp","href":"https:\/\/api.w.org\/{rel}","templated":true}]}}