{"id":1291,"date":"2022-03-22T14:00:44","date_gmt":"2022-03-22T13:00:44","guid":{"rendered":"https:\/\/blog.eprivacy.eu\/?p=1291"},"modified":"2022-03-22T14:00:44","modified_gmt":"2022-03-22T13:00:44","slug":"baden-wuerttembergische-aufsichtsbehoerde-veroeffentlicht-faq-zu-cookies-und-tracking","status":"publish","type":"post","link":"https:\/\/blog.eprivacy.eu\/?p=1291&lang=de","title":{"rendered":"Baden-W\u00fcrttembergische Aufsichtsbeh\u00f6rde ver\u00f6ffentlicht FAQ zu Cookies und Tracking"},"content":{"rendered":"\n<p>Die Baden-W\u00fcrttembergische Aufsichtsbeh\u00f6rde hat am Freitag auf Ihrer Website ein&nbsp;<a href=\"https:\/\/t5baa4d95.emailsys1a.net\/c\/107\/5069759\/4221\/0\/11200275\/441\/322483\/5fd02e7abc.html\">\u201eFAQ zu Cookies und Tracking\u201c&nbsp;<\/a>ver\u00f6ffentlicht. Es beruht offenbar auf der Position des LfDI zum Entwurf der Orientierungshilfe der DSK vom 22.12.2021.<br><br><strong>Die wichtigsten Aussagen in K\u00fcrze:<\/strong><\/p>\n\n\n\n<ul><li>Im Dokument sind sehr ausf\u00fchrliche Informationen zur korrekten Gestaltung von Cookie-Bannern enthalten (Frage 4). Insbesondere wird eine&nbsp;<strong>Schaltfl\u00e4che zur Verweigerung der Einwilligung<\/strong>&nbsp;bereits auf der First Layer der CMP f\u00fcr erforderlich gehalten (Frage 4.3, Abschnitt \u201eeinfach zug\u00e4ngliche Ablehnung\u201c).<\/li><li>Einwilligungen nach dem&nbsp;<strong>TCF 2.0-Standard&nbsp;<\/strong>werden als unwirksam angesehen (Frage 4.5). Der LfDI schlie\u00dft sich also \u2013 als meines Wissens erste deutsche Aufsichtsbeh\u00f6rde \u2013 der Entscheidung der belgischen Aufsichtsbeh\u00f6rde ausdr\u00fccklich an.<\/li><li>Der Einsatz von&nbsp;<strong>US-Diensten<\/strong>&nbsp;kann nicht mittels Einwilligungen nach dem \u201eAxel-Springer-Modell\u201c \u201egeheilt\u201c werden (Frage 2.5).<\/li><li>Der Einsatz von&nbsp;<strong>Analytics-Diensten<\/strong>&nbsp;soll einwilligungsfrei m\u00f6glich sein, wenn er cookieless ausgestaltet ist und lediglich die Logfiles genutzt werden (\u201epassives\u201c Fingerprinting) (Frage 3.1).<\/li><li>Bei der Frage des Einsatzes von&nbsp;<strong>Google Analytics<\/strong>&nbsp;(\u201e101 Dalmatiner\u201c) scheint sich der LfDI den Entscheidungen aus \u00d6sterreich und Frankreich anschlie\u00dfen zu wollen (Frage 2.5).<\/li><li>Ganz am Ende des Dokuments findet sich auch eine beispielhafte Pr\u00fcfung des \u201e<strong>Pur-Modells<\/strong>\u201c.<\/li><\/ul>\n","protected":false},"excerpt":{"rendered":"<p>Die Baden-W\u00fcrttembergische Aufsichtsbeh\u00f6rde hat am Freitag auf Ihrer Website ein&nbsp;\u201eFAQ zu Cookies und Tracking\u201c&nbsp;ver\u00f6ffentlicht. Es beruht offenbar auf der Position des LfDI<\/p>\n<p class=\"link-more\"><a class=\"myButt \" href=\"https:\/\/blog.eprivacy.eu\/?p=1291&#038;lang=de\">Read More<\/a><\/p>\n","protected":false},"author":1,"featured_media":0,"comment_status":"closed","ping_status":"open","sticky":false,"template":"","format":"standard","meta":[],"categories":[10],"tags":[],"_links":{"self":[{"href":"https:\/\/blog.eprivacy.eu\/index.php?rest_route=\/wp\/v2\/posts\/1291"}],"collection":[{"href":"https:\/\/blog.eprivacy.eu\/index.php?rest_route=\/wp\/v2\/posts"}],"about":[{"href":"https:\/\/blog.eprivacy.eu\/index.php?rest_route=\/wp\/v2\/types\/post"}],"author":[{"embeddable":true,"href":"https:\/\/blog.eprivacy.eu\/index.php?rest_route=\/wp\/v2\/users\/1"}],"replies":[{"embeddable":true,"href":"https:\/\/blog.eprivacy.eu\/index.php?rest_route=%2Fwp%2Fv2%2Fcomments&post=1291"}],"version-history":[{"count":1,"href":"https:\/\/blog.eprivacy.eu\/index.php?rest_route=\/wp\/v2\/posts\/1291\/revisions"}],"predecessor-version":[{"id":1292,"href":"https:\/\/blog.eprivacy.eu\/index.php?rest_route=\/wp\/v2\/posts\/1291\/revisions\/1292"}],"wp:attachment":[{"href":"https:\/\/blog.eprivacy.eu\/index.php?rest_route=%2Fwp%2Fv2%2Fmedia&parent=1291"}],"wp:term":[{"taxonomy":"category","embeddable":true,"href":"https:\/\/blog.eprivacy.eu\/index.php?rest_route=%2Fwp%2Fv2%2Fcategories&post=1291"},{"taxonomy":"post_tag","embeddable":true,"href":"https:\/\/blog.eprivacy.eu\/index.php?rest_route=%2Fwp%2Fv2%2Ftags&post=1291"}],"curies":[{"name":"wp","href":"https:\/\/api.w.org\/{rel}","templated":true}]}}