{"id":1325,"date":"2022-05-06T08:57:34","date_gmt":"2022-05-06T06:57:34","guid":{"rendered":"https:\/\/blog.eprivacy.eu\/?p=1325"},"modified":"2022-05-06T08:57:34","modified_gmt":"2022-05-06T06:57:34","slug":"aufhebung-der-allgemeinen-pflicht-zum-3g-nachweis-am-arbeitsplatz","status":"publish","type":"post","link":"https:\/\/blog.eprivacy.eu\/?p=1325&lang=de","title":{"rendered":"Aufhebung der allgemeinen Pflicht zum 3G-Nachweis am Arbeitsplatz"},"content":{"rendered":"\n<p>Mit Ablauf des 19. M\u00e4rz 2022 ist die allgemeine Pflicht zur Abfrage des 3G-Status entfallen. Die entsprechende Regelung in \u00a7 28b Abs. 1 IfSG a.F. war von vornherein gem. \u00a7 28b Abs. 7 IfSG a.F. zeitlich begrenzt und die neue Regelung des \u00a7 28b IfSG, die zum 20. M\u00e4rz 2022 in Kraft getreten ist, sieht nun keine entsprechende Pflicht mehr vor.<br>&nbsp;<br><strong>Die Abfrage des 3G-Status ist also in Zukunft grunds\u00e4tzlich unzul\u00e4ssig<\/strong><br>Ausnahmen gelten nur noch dort, wo diese gesetzlich geregelt sind, also z. B. gem. \u00a7 28a Abs. 7 Nr. 2 IfSG f\u00fcr Schulen, Kitas, oder Krankenh\u00e4user und Pflegedienste. Dar\u00fcber hinaus m\u00fcssen sich Arbeitgeber Gedanken machen, wann die in der Vergangenheit im Rahmen der 3G-Abfrage gespeicherten Daten gel\u00f6scht werden m\u00fcssen. Eine Aufbewahrungspflicht ist f\u00fcr die in der Vergangenheit erhobenen Daten grunds\u00e4tzlich nicht zu erkennen. Sofern nicht eine andere Rechtsgrundlage gefunden wird \u2013 was regelm\u00e4\u00dfig bei Gesundheitsdaten nicht der Fall sein wird.<br>&nbsp;<br>Sofern die Corona-Verordnungen der einzelnen L\u00e4nder also noch eine allgemeine Pflicht zur 3G-Abfrage enthalten, kann diese bis zum Ablauf des 2. April 2022 bestehen. In der Regel enthalten die Corona-Verordnungen der L\u00e4nder aber keine allgemeine Pflicht zur Abfrage des 3G-Status, sondern regeln h\u00f6chstens Ausnahmen f\u00fcr bestimmte Einrichtungen \u2013 z. B. mit Publikumsverkehr. Hier m\u00fcssen Unternehmen und Beh\u00f6rden also die jeweiligen Verordnungen der L\u00e4nder noch einmal kurz pr\u00fcfen.<br>&nbsp;<br><strong>Bedeutung f\u00fcr unsere Praxis&nbsp;<\/strong><br>Als&nbsp;Arbeitgeber muss man aufgrund der \u00c4nderungen des Infektionsschutzgesetzes jetzt t\u00e4tig werden. Vor allem muss gepr\u00fcft werden, inwiefern eine etwaige Sonderregelung im eigenen Bundesland besteht. Findet sich keine Rechtsgrundlage f\u00fcr die Erhebung, sind die Daten grunds\u00e4tzlich ohne weiteres Abwarten zu l\u00f6schen und d\u00fcrfen auch nicht mehr erhoben werden.<br>Hilfreich kann insofern auch die&nbsp;<a href=\"https:\/\/t5baa4d95.emailsys1a.net\/c\/107\/5287605\/4221\/0\/11200275\/433\/335781\/b0c5e296a8.html\">Pressemitteilung des LDI NRW<\/a>&nbsp;dazu sein.&nbsp;<br>&nbsp;<\/p>\n","protected":false},"excerpt":{"rendered":"<p>Mit Ablauf des 19. M\u00e4rz 2022 ist die allgemeine Pflicht zur Abfrage des 3G-Status entfallen. Die entsprechende Regelung in \u00a7 28b Abs.<\/p>\n<p class=\"link-more\"><a class=\"myButt \" href=\"https:\/\/blog.eprivacy.eu\/?p=1325&#038;lang=de\">Read More<\/a><\/p>\n","protected":false},"author":1,"featured_media":0,"comment_status":"closed","ping_status":"open","sticky":false,"template":"","format":"standard","meta":[],"categories":[10],"tags":[],"_links":{"self":[{"href":"https:\/\/blog.eprivacy.eu\/index.php?rest_route=\/wp\/v2\/posts\/1325"}],"collection":[{"href":"https:\/\/blog.eprivacy.eu\/index.php?rest_route=\/wp\/v2\/posts"}],"about":[{"href":"https:\/\/blog.eprivacy.eu\/index.php?rest_route=\/wp\/v2\/types\/post"}],"author":[{"embeddable":true,"href":"https:\/\/blog.eprivacy.eu\/index.php?rest_route=\/wp\/v2\/users\/1"}],"replies":[{"embeddable":true,"href":"https:\/\/blog.eprivacy.eu\/index.php?rest_route=%2Fwp%2Fv2%2Fcomments&post=1325"}],"version-history":[{"count":2,"href":"https:\/\/blog.eprivacy.eu\/index.php?rest_route=\/wp\/v2\/posts\/1325\/revisions"}],"predecessor-version":[{"id":1327,"href":"https:\/\/blog.eprivacy.eu\/index.php?rest_route=\/wp\/v2\/posts\/1325\/revisions\/1327"}],"wp:attachment":[{"href":"https:\/\/blog.eprivacy.eu\/index.php?rest_route=%2Fwp%2Fv2%2Fmedia&parent=1325"}],"wp:term":[{"taxonomy":"category","embeddable":true,"href":"https:\/\/blog.eprivacy.eu\/index.php?rest_route=%2Fwp%2Fv2%2Fcategories&post=1325"},{"taxonomy":"post_tag","embeddable":true,"href":"https:\/\/blog.eprivacy.eu\/index.php?rest_route=%2Fwp%2Fv2%2Ftags&post=1325"}],"curies":[{"name":"wp","href":"https:\/\/api.w.org\/{rel}","templated":true}]}}