{"id":1339,"date":"2022-05-06T09:05:52","date_gmt":"2022-05-06T07:05:52","guid":{"rendered":"https:\/\/blog.eprivacy.eu\/?p=1339"},"modified":"2022-05-06T09:07:00","modified_gmt":"2022-05-06T07:07:00","slug":"privacy-shield-2-0-erste-reaktionen-auf-neues-agreement","status":"publish","type":"post","link":"https:\/\/blog.eprivacy.eu\/?p=1339&lang=de","title":{"rendered":"\u201ePrivacy Shield 2.0\u201c &#8211; erste Reaktionen auf neues Agreement"},"content":{"rendered":"\n<p>EU Kommissionspr\u00e4sidentin Ursula von der Leyen hat gemeinsam mit Pr\u00e4sident Biden&nbsp; k\u00fcrzlich eine&nbsp;\u201egrunds\u00e4tzliche Einigung\u201c \u00fcber ein neues Datenaustauschsystem zwischen der EU und den USA bekannt gegeben.<\/p>\n\n\n\n<p><strong>Durchbruch oder eher doch nur &#8222;Agreement in Principle&#8220;?<\/strong><br>Zwar wurde damit ein &#8222;Durchbruch&#8220; verk\u00fcndet, allerdings scheint es zum jetzigen Zeitpunkt noch&nbsp;keinen konkreten Entwurf dazu zu geben.&nbsp;Bisher handelt es sich hier eher nur um ein \u201eAgreement in principle\u201c. Bis dieser geschaffen ist, k\u00f6nnten&nbsp;Monate vergehen und erst dann muss dieser Entwurf noch rechtlich begutachtet werden, bevor \u00fcberhaupt ein entsprechender Angemessenheitsbeschluss im Sinne von Art. 46 DSGVO ergehen k\u00f6nnte.&nbsp;<br><br>Inwiefern das am Ende dann wirklich die &#8222;Schrems-II&#8220; Problematik l\u00f6st oder aber zu einem &#8222;Schrems III&#8220; wird, steht zum jetzigen Zeitpunkt noch in den Sternen. Diesbez\u00fcglich scheint es jedenfalls Zweifel zu geben, da die USA wohl&nbsp;nicht plant, ihre Sicherheitsgesetze zu \u00e4ndern, sondern nur Zusicherungen gibt.&nbsp; Somit handelt es sich nicht um ein bilaterales Abkommen, sondern eher um eine Exekutiventscheidung der Europ\u00e4ischen Kommission.<br><br>Ein entsprechendes NOYB-Statement von Max Schrems gibt es bereits:&nbsp;<br><a href=\"https:\/\/t5baa4d95.emailsys1a.net\/c\/107\/5287605\/4221\/0\/11200275\/433\/335265\/739b3e37e9.html\">noyb.eu\/en\/privacy-shield-20-first-reaction-max-schrems<\/a><br><br>In unserem M\u00e4rz Newsletter berichteten wir ausf\u00fchrlich \u00fcber&nbsp;Erstellung und Umgang mit erforderlichen TIAs (Transfer Impact Assessments). Vermutlich wird sich an den Vorlagen hierf\u00fcr erst einmal nichts \u00e4ndern, denn&nbsp;nach Einsch\u00e4tzung unserer Experten wird es weniger eine Frage von Wochen, als vielmehr von&nbsp;Monaten sein, bis dieser &#8222;Transatlantische Datenschutzrahmen&#8220;&nbsp;f\u00fcr mehr Rechtssicherheit in Sachen Datentransfers in die USA sorgen wird. Und am Ende entscheidet schlie\u00dflich der EuGH.<\/p>\n","protected":false},"excerpt":{"rendered":"<p>EU Kommissionspr\u00e4sidentin Ursula von der Leyen hat gemeinsam mit Pr\u00e4sident Biden&nbsp; k\u00fcrzlich eine&nbsp;\u201egrunds\u00e4tzliche Einigung\u201c \u00fcber ein neues Datenaustauschsystem zwischen der EU und<\/p>\n<p class=\"link-more\"><a class=\"myButt \" href=\"https:\/\/blog.eprivacy.eu\/?p=1339&#038;lang=de\">Read More<\/a><\/p>\n","protected":false},"author":1,"featured_media":0,"comment_status":"closed","ping_status":"open","sticky":false,"template":"","format":"standard","meta":[],"categories":[10],"tags":[],"_links":{"self":[{"href":"https:\/\/blog.eprivacy.eu\/index.php?rest_route=\/wp\/v2\/posts\/1339"}],"collection":[{"href":"https:\/\/blog.eprivacy.eu\/index.php?rest_route=\/wp\/v2\/posts"}],"about":[{"href":"https:\/\/blog.eprivacy.eu\/index.php?rest_route=\/wp\/v2\/types\/post"}],"author":[{"embeddable":true,"href":"https:\/\/blog.eprivacy.eu\/index.php?rest_route=\/wp\/v2\/users\/1"}],"replies":[{"embeddable":true,"href":"https:\/\/blog.eprivacy.eu\/index.php?rest_route=%2Fwp%2Fv2%2Fcomments&post=1339"}],"version-history":[{"count":1,"href":"https:\/\/blog.eprivacy.eu\/index.php?rest_route=\/wp\/v2\/posts\/1339\/revisions"}],"predecessor-version":[{"id":1340,"href":"https:\/\/blog.eprivacy.eu\/index.php?rest_route=\/wp\/v2\/posts\/1339\/revisions\/1340"}],"wp:attachment":[{"href":"https:\/\/blog.eprivacy.eu\/index.php?rest_route=%2Fwp%2Fv2%2Fmedia&parent=1339"}],"wp:term":[{"taxonomy":"category","embeddable":true,"href":"https:\/\/blog.eprivacy.eu\/index.php?rest_route=%2Fwp%2Fv2%2Fcategories&post=1339"},{"taxonomy":"post_tag","embeddable":true,"href":"https:\/\/blog.eprivacy.eu\/index.php?rest_route=%2Fwp%2Fv2%2Ftags&post=1339"}],"curies":[{"name":"wp","href":"https:\/\/api.w.org\/{rel}","templated":true}]}}