{"id":1477,"date":"2022-12-01T10:31:04","date_gmt":"2022-12-01T09:31:04","guid":{"rendered":"https:\/\/blog.eprivacy.eu\/?p=1477"},"modified":"2022-12-01T10:31:04","modified_gmt":"2022-12-01T09:31:04","slug":"betroffenenanfrage-monatsfrist-pausiert-waehrend-der-ueberpruefung-der-identitaet","status":"publish","type":"post","link":"https:\/\/blog.eprivacy.eu\/?p=1477&lang=de","title":{"rendered":"Betroffenenanfrage: Monatsfrist pausiert w\u00e4hrend der \u00dcberpr\u00fcfung der Identit\u00e4t"},"content":{"rendered":"\n<p>In der Datenschutz-Grundverordnung findet man eine Vielzahl von Fristvorgaben, die ein Verantwortlicher einzuhalten hat.<br>\u00a0<br>So auch die Frist zur Beantwortung von Betroffenenanfragen, die gem\u00e4\u00df Art. 12 Abs. 3 S. 2 DSGVO grunds\u00e4tzlich ein \u201eunverz\u00fcgliches\u201c Handeln verlangt. Der Verantwortliche handelt nicht mehr unverz\u00fcglich, wenn die in Art. 12 Abs. 3 S. 1 DSGVO genannte Monatsfrist \u00fcberzogen wird. In besonderen F\u00e4llen kann diese Frist jedoch auf insgesamt drei Monate verl\u00e4ngert werden. Wir empfehlen, sich in diesen F\u00e4llen mit ihrem Experten aus unserem Datenschutz-Team abzustimmen.<br>\u00a0<br><strong>Wie wird die Monatsfrist berechnet?<\/strong><br>\u00a0<br><a href=\"https:\/\/t5baa4d95.emailsys1a.net\/c\/107\/5934511\/4221\/0\/11200275\/425\/393195\/1097267cd9.html\">Die EU-Verordnung Nr. 1182\/71<\/a>\u00a0zur Festlegung der Regeln f\u00fcr die Fristen, Daten und Termine (Fristen-VO) bietet eine Grundlage f\u00fcr Fristen. In Art. 3 Abs. 1 2. Unterabs. Fristen-VO hei\u00dft es dazu konkret: F\u00fcr den Anfang einer nach Monaten zu bemessenen Frist ist der Zeitpunkt ma\u00dfgebend, in welchem das Ereignis eintritt. Bei der Berechnung dieser Frist wird so der Tag nicht mitgerechnet, in den das Ereignis f\u00e4llt. Gem\u00e4\u00df Art. 3 Abs. 2 lit c) Fristen-VO endet die Frist mit Ablauf der letzten Stunde des Tages, der dieselbe Bezeichnung tr\u00e4gt, wie der Tag des Fristbeginns.<br>\u00a0<br><strong>Erstes offizielles Statement der Ber\u00fccksichtigung einer Unterbrechung<\/strong><br>\u00a0<br>Erstmals spricht die Berliner Datenschutzbeh\u00f6rde davon, dass in einem kokreten Fall die Monatsfrist \u2013 trotz faktischer \u00dcberschreitung \u2013 gewahrt wurde, weil die Frist immer dann als \u201epausiert\u201c angesehen werden kann, solange die betroffene Person auf eine Authentifizierungsanfrage nicht antwortet.<br>\u00a0<br>Dies wurde k\u00fcrzlich anl\u00e4\u00dflich eines Kooperationsverfahren nach Artikel 60 DSGVO mit der schwedischen Datenschutzbeh\u00f6rde als federf\u00fchrender Aufsichtsbeh\u00f6rde dokumentiert. Eine Beschwerde wegen angeblicher Verletzung von Artikel 15 DSGVO wurde in diesem Fall zur\u00fcckgewiesen.<br>\u00a0<br><strong>Worum es konkret ging:<\/strong><br>\u00a0<br>Im vorliegenden Fall hatte der f\u00fcr die Verarbeitung Verantwortliche zwar insgesamt die Monatsfrist \u00fcberschritten. Jedoch bestand ein hinreichender Zweifel an der Indentit\u00e4t des Beschwerdef\u00fchrers, weshalb von diesem u.a. eine Telefonnummer (zwecks Zusendung eines Verifizierungscodes) angefordert wurde. Dieser Aufforderung kam der Beschwerdef\u00fchrer erst nach einiger Zeit und weiterer Erinnerung nach.<br>\u00a0<br>Die schwedische Datenschutzbeh\u00f6rde wies darauf hin, dass Artikel 12 Absatz 3 DSGVO grunds\u00e4tzlich einzuhalten sei, jedoch war die Datenschutzbeh\u00f6rde auch der Ansicht, dass der Verantwortliche berechtigte Gr\u00fcnde hatte, an der Identit\u00e4t des Beschwerdef\u00fchrers zu zweifeln, und daher angemessene Informationen ohne unangemessene Verz\u00f6gerung angefordert wurden. Da diese Informationen seitens des Beschwerdef\u00fchrers aber erst zeitverz\u00f6gert geliefert wurden, war der PDA der Ansicht, dass die Anfrage vom Verantwortlichen somit innerhalb der Monatsfrist ohne unangemessene Verz\u00f6gerung bearbeitet wurde.<br>\u00a0<br>Sollten Sie noch keinen Prozess zur Bearbeitung der Betroffenenanfragen haben, dann sprechen Sie gerne mit unseren Experten im Datenschutz-Team oder nutzen Sie die neue ab Anfang Dezember verf\u00fcgbare Vorlage in unserem ePrivacyaudit.<\/p>\n","protected":false},"excerpt":{"rendered":"<p>In der Datenschutz-Grundverordnung findet man eine Vielzahl von Fristvorgaben, die ein Verantwortlicher einzuhalten hat.\u00a0So auch die Frist zur Beantwortung von Betroffenenanfragen, die<\/p>\n<p class=\"link-more\"><a class=\"myButt \" href=\"https:\/\/blog.eprivacy.eu\/?p=1477&#038;lang=de\">Read More<\/a><\/p>\n","protected":false},"author":1,"featured_media":0,"comment_status":"closed","ping_status":"open","sticky":false,"template":"","format":"standard","meta":[],"categories":[10],"tags":[],"_links":{"self":[{"href":"https:\/\/blog.eprivacy.eu\/index.php?rest_route=\/wp\/v2\/posts\/1477"}],"collection":[{"href":"https:\/\/blog.eprivacy.eu\/index.php?rest_route=\/wp\/v2\/posts"}],"about":[{"href":"https:\/\/blog.eprivacy.eu\/index.php?rest_route=\/wp\/v2\/types\/post"}],"author":[{"embeddable":true,"href":"https:\/\/blog.eprivacy.eu\/index.php?rest_route=\/wp\/v2\/users\/1"}],"replies":[{"embeddable":true,"href":"https:\/\/blog.eprivacy.eu\/index.php?rest_route=%2Fwp%2Fv2%2Fcomments&post=1477"}],"version-history":[{"count":1,"href":"https:\/\/blog.eprivacy.eu\/index.php?rest_route=\/wp\/v2\/posts\/1477\/revisions"}],"predecessor-version":[{"id":1478,"href":"https:\/\/blog.eprivacy.eu\/index.php?rest_route=\/wp\/v2\/posts\/1477\/revisions\/1478"}],"wp:attachment":[{"href":"https:\/\/blog.eprivacy.eu\/index.php?rest_route=%2Fwp%2Fv2%2Fmedia&parent=1477"}],"wp:term":[{"taxonomy":"category","embeddable":true,"href":"https:\/\/blog.eprivacy.eu\/index.php?rest_route=%2Fwp%2Fv2%2Fcategories&post=1477"},{"taxonomy":"post_tag","embeddable":true,"href":"https:\/\/blog.eprivacy.eu\/index.php?rest_route=%2Fwp%2Fv2%2Ftags&post=1477"}],"curies":[{"name":"wp","href":"https:\/\/api.w.org\/{rel}","templated":true}]}}