{"id":1483,"date":"2022-12-01T10:32:55","date_gmt":"2022-12-01T09:32:55","guid":{"rendered":"https:\/\/blog.eprivacy.eu\/?p=1483"},"modified":"2022-12-01T10:32:55","modified_gmt":"2022-12-01T09:32:55","slug":"praesident-biden-bringt-neuen-datenschutzrahmen-zwischen-eu-und-usa-auf-den-weg","status":"publish","type":"post","link":"https:\/\/blog.eprivacy.eu\/?p=1483&lang=de","title":{"rendered":"Pr\u00e4sident Biden bringt neuen Datenschutzrahmen zwischen EU und USA auf den Weg"},"content":{"rendered":"\n<p>Es gibt wieder einmal Neuigkeiten in Sachen \u201eSchrems\u201c, diesmal direkt aus dem Wei\u00dfen Haus:<\/p>\n\n\n\n<p>\u201cPresident Biden Signs Executive Order to Implement the European Union-U.S. Data Privacy Framework\u201d. Das hierzu am 07.10.2022 ver\u00f6ffentlichte Factsheet des Wei\u00dfen Hauses finden Sie&nbsp;<a href=\"https:\/\/t5baa4d95.emailsys1a.net\/c\/107\/5934511\/4221\/0\/11200275\/425\/391417\/bc1213725e.html\">hier<\/a>.<br><br>Es werden darin Schritte definiert, die die Vereinigten Staaten k\u00fcnftig unternehmen werden, um die von US Pr\u00e4sident Biden und der Pr\u00e4sidentin der EU Kommission von der Leyen im M\u00e4rz 2022 angek\u00fcndigten Verpflichtungen im Rahmen des Datenschutzrahmens zwischen der Europ\u00e4ischen Union und den USA (EU-U.S. Data Privacy Framework) umzusetzen.<br><br>Mit der Unterzeichnung dieser Exekutivverordnung wird nun der Versuch unternommen, aufbauend auf das EuGH-Urteil \u201eSchrems II\u201c der EU-Kommission, die Grundlage f\u00fcr einen neuen (dritten) Angemessenheitsbeschluss f\u00fcr Datentransfers in die USA zu schaffen. Daten von EU-B\u00fcrgern sollen damit k\u00fcnftig in den USA entsprechend besser gesch\u00fctzt sein.<br><br>Zum jetztigen Zeitpunkt ist nach Einsch\u00e4tzung unserer Rechtsexperten allerdings nicht davon auszugehen, dass diese Anordnung den Anforderungen des EuGH gerecht wird. Dazu w\u00e4re n\u00e4mlich eine Gesetzes\u00e4nderung erforderlich, f\u00fcr die es im US-Kongress aktuell keine Mehrheit gibt.<br><br>Weiterhin gibt es also &#8211; trotz dieser Neuigkeiten &#8211; keine konkreten Anzeichen daf\u00fcr, dass sich die Situation f\u00fcr EU-US-Datentransfers nachhaltig entspannen wird. Alles deutet vielmehr darauf hin, dass Max Schrems mit der von ihm gegr\u00fcndeten Organisation noyb das neue Abkommen wieder zu Fall bringen k\u00f6nnte. Ein erstes Statement der Organisation noyb finden Sie&nbsp;<a href=\"https:\/\/t5baa4d95.emailsys1a.net\/c\/107\/5934511\/4221\/0\/11200275\/425\/393183\/e3e40490e1.html\">hier<\/a>. Dennoch k\u00f6nnte der vorgeschlagene Rahmen f\u00fcr eine bestimmte Zeit eine Entlastung bei dem Thema Datentransfer in die USA bringen, was erst einmal hilfreich w\u00e4re.<br><br>Wir halten Sie dazu an dieser Stelle weiter auf dem Laufenden.<\/p>\n","protected":false},"excerpt":{"rendered":"<p>Es gibt wieder einmal Neuigkeiten in Sachen \u201eSchrems\u201c, diesmal direkt aus dem Wei\u00dfen Haus: \u201cPresident Biden Signs Executive Order to Implement the<\/p>\n<p class=\"link-more\"><a class=\"myButt \" href=\"https:\/\/blog.eprivacy.eu\/?p=1483&#038;lang=de\">Read More<\/a><\/p>\n","protected":false},"author":1,"featured_media":0,"comment_status":"closed","ping_status":"open","sticky":false,"template":"","format":"standard","meta":[],"categories":[10],"tags":[],"_links":{"self":[{"href":"https:\/\/blog.eprivacy.eu\/index.php?rest_route=\/wp\/v2\/posts\/1483"}],"collection":[{"href":"https:\/\/blog.eprivacy.eu\/index.php?rest_route=\/wp\/v2\/posts"}],"about":[{"href":"https:\/\/blog.eprivacy.eu\/index.php?rest_route=\/wp\/v2\/types\/post"}],"author":[{"embeddable":true,"href":"https:\/\/blog.eprivacy.eu\/index.php?rest_route=\/wp\/v2\/users\/1"}],"replies":[{"embeddable":true,"href":"https:\/\/blog.eprivacy.eu\/index.php?rest_route=%2Fwp%2Fv2%2Fcomments&post=1483"}],"version-history":[{"count":1,"href":"https:\/\/blog.eprivacy.eu\/index.php?rest_route=\/wp\/v2\/posts\/1483\/revisions"}],"predecessor-version":[{"id":1484,"href":"https:\/\/blog.eprivacy.eu\/index.php?rest_route=\/wp\/v2\/posts\/1483\/revisions\/1484"}],"wp:attachment":[{"href":"https:\/\/blog.eprivacy.eu\/index.php?rest_route=%2Fwp%2Fv2%2Fmedia&parent=1483"}],"wp:term":[{"taxonomy":"category","embeddable":true,"href":"https:\/\/blog.eprivacy.eu\/index.php?rest_route=%2Fwp%2Fv2%2Fcategories&post=1483"},{"taxonomy":"post_tag","embeddable":true,"href":"https:\/\/blog.eprivacy.eu\/index.php?rest_route=%2Fwp%2Fv2%2Ftags&post=1483"}],"curies":[{"name":"wp","href":"https:\/\/api.w.org\/{rel}","templated":true}]}}