{"id":1568,"date":"2023-03-30T08:20:18","date_gmt":"2023-03-30T06:20:18","guid":{"rendered":"https:\/\/blog.eprivacy.eu\/?p=1568"},"modified":"2023-03-30T08:20:19","modified_gmt":"2023-03-30T06:20:19","slug":"eu-us-data-privacy-framework-tapf-neue-stellungnahme-des-edsa-veroeffentlicht","status":"publish","type":"post","link":"https:\/\/blog.eprivacy.eu\/?p=1568&lang=de","title":{"rendered":"EU-US Data Privacy Framework (TAPF): Neue Stellungnahme des EDSA ver\u00f6ffentlicht"},"content":{"rendered":"\n<p>In unserem Februar-Newsletter hatten wir Sie zuletzt \u00fcber den aktuellen Stand zum Transatlantischen Datenschutzrahmen und dem von der EU-Kommission dazu angek\u00fcndigten Angemessenheitsbeschluss informiert.<br>\u00a0<br>Am 28. Februar 2023 hat sich nun der Europ\u00e4ische Datenschutzausschuss (EDSA) in einer \u00a0detaillierten\u00a0<a href=\"https:\/\/t5baa4d95.emailsys1a.net\/c\/107\/6549901\/4221\/0\/11200275\/391\/425877\/a66c60255f.html\">Stellungnahme<\/a>\u00a0zu dem Entwurf des Angemessenheitsbeschlusses f\u00fcr den EU-US-Datentransfer ge\u00e4u\u00dfert und dazu auch eine\u00a0<a href=\"https:\/\/t5baa4d95.emailsys1a.net\/c\/107\/6549901\/4221\/0\/11200275\/391\/425879\/e60fa9cfd1.html\">Pressemitteilung<\/a>\u00a0ver\u00f6ffentlicht.<br>\u00a0<br>Zusammenfassend kann gesagt werden, dass der\u00a0<strong>EDSA zwar an einigen Stellen noch Nachhol- und Klarstellungsbedarf sieht, grunds\u00e4tzlich aber die Verbesserungen innerhalb des Entwurfs begr\u00fc\u00dft<\/strong>.<br>\u00a0<br>Experten sehen in der Ver\u00f6ffentlichung des EDSA ein positives Signal f\u00fcr das EU-US Abkommen. Er stellt insbesondere heraus, dass sich der EDSA\u00a0<em>nicht generell\u00a0<\/em>gegen das neue Abkommen ausgesprochen hat. Allerdings will der EDSA das Abkommen von der tats\u00e4chlichen und praktischen Umsetzung der in den USA angek\u00fcndigten Anpassungen, z.B. hinsichtlich der Definition der Verh\u00e4ltnism\u00e4\u00dfigkeit und der Reaktion auf Abhilfegesuche, abh\u00e4ngig machen.<br>\u00a0<br>Es l\u00e4sst sich insofern res\u00fcmieren, dass die Stellungnahme des EDSA eher optimistisch stimmt, da die wesentlichen Kritikpunkte in \u201eSchrems II\u201c durch das Abkommen ber\u00fccksichtigt werden w\u00fcrden. Sowohl Kommission und Wirtschaft k\u00f6nnten daher einem Gang zum EuGH positiver entgegensehen.<br>\u00a0<br>Eine Reaktion von Max Schrems und NOYB liegt (<em>noch<\/em>) nicht vor.<br>\u00a0<br>Es bleibt also spannend in Sachen EU-US-Datentransfer \u2013 wir halten Sie weiter auf dem Laufenden.<\/p>\n","protected":false},"excerpt":{"rendered":"<p>In unserem Februar-Newsletter hatten wir Sie zuletzt \u00fcber den aktuellen Stand zum Transatlantischen Datenschutzrahmen und dem von der EU-Kommission dazu angek\u00fcndigten Angemessenheitsbeschluss<\/p>\n<p class=\"link-more\"><a class=\"myButt \" href=\"https:\/\/blog.eprivacy.eu\/?p=1568&#038;lang=de\">Read More<\/a><\/p>\n","protected":false},"author":1,"featured_media":0,"comment_status":"closed","ping_status":"open","sticky":false,"template":"","format":"standard","meta":[],"categories":[10],"tags":[],"_links":{"self":[{"href":"https:\/\/blog.eprivacy.eu\/index.php?rest_route=\/wp\/v2\/posts\/1568"}],"collection":[{"href":"https:\/\/blog.eprivacy.eu\/index.php?rest_route=\/wp\/v2\/posts"}],"about":[{"href":"https:\/\/blog.eprivacy.eu\/index.php?rest_route=\/wp\/v2\/types\/post"}],"author":[{"embeddable":true,"href":"https:\/\/blog.eprivacy.eu\/index.php?rest_route=\/wp\/v2\/users\/1"}],"replies":[{"embeddable":true,"href":"https:\/\/blog.eprivacy.eu\/index.php?rest_route=%2Fwp%2Fv2%2Fcomments&post=1568"}],"version-history":[{"count":1,"href":"https:\/\/blog.eprivacy.eu\/index.php?rest_route=\/wp\/v2\/posts\/1568\/revisions"}],"predecessor-version":[{"id":1569,"href":"https:\/\/blog.eprivacy.eu\/index.php?rest_route=\/wp\/v2\/posts\/1568\/revisions\/1569"}],"wp:attachment":[{"href":"https:\/\/blog.eprivacy.eu\/index.php?rest_route=%2Fwp%2Fv2%2Fmedia&parent=1568"}],"wp:term":[{"taxonomy":"category","embeddable":true,"href":"https:\/\/blog.eprivacy.eu\/index.php?rest_route=%2Fwp%2Fv2%2Fcategories&post=1568"},{"taxonomy":"post_tag","embeddable":true,"href":"https:\/\/blog.eprivacy.eu\/index.php?rest_route=%2Fwp%2Fv2%2Ftags&post=1568"}],"curies":[{"name":"wp","href":"https:\/\/api.w.org\/{rel}","templated":true}]}}