{"id":1591,"date":"2023-03-30T08:55:22","date_gmt":"2023-03-30T06:55:22","guid":{"rendered":"https:\/\/blog.eprivacy.eu\/?p=1591"},"modified":"2023-05-12T13:14:36","modified_gmt":"2023-05-12T11:14:36","slug":"kostenloses-eprivacy-webinar-zum-thema-eprivacycert-aktuelles-zum-staatlichen-datenschutz-siegel","status":"publish","type":"post","link":"https:\/\/blog.eprivacy.eu\/?p=1591&lang=de","title":{"rendered":"Kostenloses ePrivacy Webinar zum Thema: Staatlich akkreditiertes Datenschutz-Siegel"},"content":{"rendered":"\n<p><strong>Was Sie erwartet:<\/strong><br>Wir informieren zum geplanten staatlich akkreditierten Datenschutz-Siegel: aktueller Stand, Anwendungsbereiche, Vorgehensweise, Vorbereitungen vor Antragstellung, alternative L\u00f6sungsm\u00f6glichkeiten.<\/p>\n\n\n\n<p><strong>Wann findet das Webinar statt:<\/strong><br>20. April&nbsp;2023, 12:00 Uhr, Dauer ca. 30-40 Minuten<\/p>\n\n\n\n<p><strong>An wen richtet sich das Webinar:&nbsp;<\/strong><br>Datenschutzbeauftragte im Unternehmen, Unternehmensjuristen,<br>Verantwortliche f\u00fcr Marketing und\/oder Produkte<\/p>\n\n\n\n<p><strong>Referent:<\/strong><br>Prof. Dr. Christoph Bauer ePrivacy GmbH, Gr\u00fcnder und Gesch\u00e4ftsf\u00fchrer<\/p>\n\n\n\n<p><\/p>\n","protected":false},"excerpt":{"rendered":"<p>Was Sie erwartet:Wir informieren zum geplanten staatlich akkreditierten Datenschutz-Siegel: aktueller Stand, Anwendungsbereiche, Vorgehensweise, Vorbereitungen vor Antragstellung, alternative L\u00f6sungsm\u00f6glichkeiten. Wann findet das Webinar<\/p>\n<p class=\"link-more\"><a class=\"myButt \" href=\"https:\/\/blog.eprivacy.eu\/?p=1591&#038;lang=de\">Read More<\/a><\/p>\n","protected":false},"author":1,"featured_media":1611,"comment_status":"closed","ping_status":"open","sticky":false,"template":"","format":"standard","meta":[],"categories":[29],"tags":[],"_links":{"self":[{"href":"https:\/\/blog.eprivacy.eu\/index.php?rest_route=\/wp\/v2\/posts\/1591"}],"collection":[{"href":"https:\/\/blog.eprivacy.eu\/index.php?rest_route=\/wp\/v2\/posts"}],"about":[{"href":"https:\/\/blog.eprivacy.eu\/index.php?rest_route=\/wp\/v2\/types\/post"}],"author":[{"embeddable":true,"href":"https:\/\/blog.eprivacy.eu\/index.php?rest_route=\/wp\/v2\/users\/1"}],"replies":[{"embeddable":true,"href":"https:\/\/blog.eprivacy.eu\/index.php?rest_route=%2Fwp%2Fv2%2Fcomments&post=1591"}],"version-history":[{"count":4,"href":"https:\/\/blog.eprivacy.eu\/index.php?rest_route=\/wp\/v2\/posts\/1591\/revisions"}],"predecessor-version":[{"id":1627,"href":"https:\/\/blog.eprivacy.eu\/index.php?rest_route=\/wp\/v2\/posts\/1591\/revisions\/1627"}],"wp:featuredmedia":[{"embeddable":true,"href":"https:\/\/blog.eprivacy.eu\/index.php?rest_route=\/wp\/v2\/media\/1611"}],"wp:attachment":[{"href":"https:\/\/blog.eprivacy.eu\/index.php?rest_route=%2Fwp%2Fv2%2Fmedia&parent=1591"}],"wp:term":[{"taxonomy":"category","embeddable":true,"href":"https:\/\/blog.eprivacy.eu\/index.php?rest_route=%2Fwp%2Fv2%2Fcategories&post=1591"},{"taxonomy":"post_tag","embeddable":true,"href":"https:\/\/blog.eprivacy.eu\/index.php?rest_route=%2Fwp%2Fv2%2Ftags&post=1591"}],"curies":[{"name":"wp","href":"https:\/\/api.w.org\/{rel}","templated":true}]}}