{"id":1717,"date":"2023-09-07T13:53:36","date_gmt":"2023-09-07T11:53:36","guid":{"rendered":"https:\/\/blog.eprivacy.eu\/?p=1717"},"modified":"2023-09-07T13:53:37","modified_gmt":"2023-09-07T11:53:37","slug":"pur-abo-modelle-sind-unter-bestimmten-voraussetzungen-zulaessig","status":"publish","type":"post","link":"https:\/\/blog.eprivacy.eu\/?p=1717&lang=de","title":{"rendered":"\u201ePUR-Abo-Modelle\u201c sind (unter bestimmten Voraussetzungen) zul\u00e4ssig"},"content":{"rendered":"\n<p>Die Landesbeauftragte f\u00fcr den Datenschutz Niedersachsen (LfD) hat gemeinsam mit den Datenschutzbeh\u00f6rden elf weiterer deutscher Bundesl\u00e4nder eine&nbsp;<em>koordinierte Pr\u00fcfung zum Einsatz von Cookies und Nutzertracking&nbsp;<\/em>im Juli diesen Jahres vorerst abgeschlossen. (<a href=\"https:\/\/t5baa4d95.emailsys1a.net\/c\/107\/6913731\/4221\/0\/19756747\/689\/454814\/befce48ebf.html\">Pressemitteilung vom 10.7.2023<\/a>)<br><br>Gepr\u00fcft wurden \u00fcber die letzten Jahre deutschlandweit insgesammt&nbsp;<em><u>49 Medienwebsites<\/u><\/em>, darunter f\u00fcnf Unternehmen aus Niedersachsen, welche zun\u00e4chst nicht den rechtlichen Anforderungen an Cookie-Einsatz und Trackingtechniken entsprachen. Bis zu 760 Drittdienste waren eingebunden. Cookies wurden teils bereits vor der Einwilligung gesetzt, die Einwilligungsbanner selbst enthielten keine wirksame datenschutzrechtliche Einwilligung. Sie waren nicht ausreichend differenziert und irref\u00fchrend in der Gestaltung. Alle Unternehmen wurden entsprechend informiert und erhielten die M\u00f6glichkeit zur Nachbesserung.<br><br>Noch vor dem finalen Abschluss der Pr\u00fcfungen trat dann am 1.12.2021 das Telekommunikations-Telemedien-Datenschutzgesetz (TTDSG) in Kraft und die Medienunternehmen begannen zunehmendm so genannte \u201ePur-Abo-Modelle&#8220; in ihre Einwilligungsbanner zu integrieren.<br><br><strong>Unter \u201ePur-Abo-Modellen\u201c sind Einwilligungsbanner mit zwei Wahlm\u00f6glichkeiten zu verstehen:<\/strong><\/p>\n\n\n\n<ul><li><strong>erstens&nbsp;<\/strong>der M\u00f6glichkeit zum Abschlu\u00df eines kostenpflichtigen \u201ePur-Abonnements\u201c (ohne Nutzertracking, individueller Profilbildung und personalisierter Werbung) oder<\/li><li><strong>zweitens<\/strong>&nbsp;einer Einwilligung zur kostenfreien Nutzung der Website mit Tracking.&nbsp;<\/li><\/ul>\n\n\n\n<p>Die neuen Regelungen, unter anderem \u00a7 25 TTDSG, wie auch die Pr\u00fcfung der datenschutzkonformen Ausgestaltung der neuen \u201ePur-Abo-Modelle\u201c wurden Teil einer&nbsp;<strong>umfassenden rechtlichen Bewertung<\/strong>. Die Ergebnisse wurden nun in einem Beschluss der Datenschutzkonferenz mit folgendem Fazit ver\u00f6ffentlicht:<br><br><strong>\u201ePur-Abo-Modelle\u201c sind unter Ber\u00fccksichtigung der datenschutzrechtlichen Anforderungen grunds\u00e4tzlich zul\u00e4ssig.<\/strong><br><br>Diese Anforderungen wurde von den betreffenden Medienunternehmen anerkannt und auch bereits weitgehend umgesetzt. Einige noch offene Defizite wurden seitens der Beh\u00f6rde in einem Abschlussbericht zusammengefasst und auf eine m\u00f6gliche Nachpr\u00fcfung wurde hingewiesen.<\/p>\n","protected":false},"excerpt":{"rendered":"<p>Die Landesbeauftragte f\u00fcr den Datenschutz Niedersachsen (LfD) hat gemeinsam mit den Datenschutzbeh\u00f6rden elf weiterer deutscher Bundesl\u00e4nder eine&nbsp;koordinierte Pr\u00fcfung zum Einsatz von Cookies<\/p>\n<p class=\"link-more\"><a class=\"myButt \" href=\"https:\/\/blog.eprivacy.eu\/?p=1717&#038;lang=de\">Read More<\/a><\/p>\n","protected":false},"author":1,"featured_media":0,"comment_status":"closed","ping_status":"open","sticky":false,"template":"","format":"standard","meta":[],"categories":[10],"tags":[],"_links":{"self":[{"href":"https:\/\/blog.eprivacy.eu\/index.php?rest_route=\/wp\/v2\/posts\/1717"}],"collection":[{"href":"https:\/\/blog.eprivacy.eu\/index.php?rest_route=\/wp\/v2\/posts"}],"about":[{"href":"https:\/\/blog.eprivacy.eu\/index.php?rest_route=\/wp\/v2\/types\/post"}],"author":[{"embeddable":true,"href":"https:\/\/blog.eprivacy.eu\/index.php?rest_route=\/wp\/v2\/users\/1"}],"replies":[{"embeddable":true,"href":"https:\/\/blog.eprivacy.eu\/index.php?rest_route=%2Fwp%2Fv2%2Fcomments&post=1717"}],"version-history":[{"count":1,"href":"https:\/\/blog.eprivacy.eu\/index.php?rest_route=\/wp\/v2\/posts\/1717\/revisions"}],"predecessor-version":[{"id":1718,"href":"https:\/\/blog.eprivacy.eu\/index.php?rest_route=\/wp\/v2\/posts\/1717\/revisions\/1718"}],"wp:attachment":[{"href":"https:\/\/blog.eprivacy.eu\/index.php?rest_route=%2Fwp%2Fv2%2Fmedia&parent=1717"}],"wp:term":[{"taxonomy":"category","embeddable":true,"href":"https:\/\/blog.eprivacy.eu\/index.php?rest_route=%2Fwp%2Fv2%2Fcategories&post=1717"},{"taxonomy":"post_tag","embeddable":true,"href":"https:\/\/blog.eprivacy.eu\/index.php?rest_route=%2Fwp%2Fv2%2Ftags&post=1717"}],"curies":[{"name":"wp","href":"https:\/\/api.w.org\/{rel}","templated":true}]}}