{"id":1762,"date":"2023-12-05T13:45:05","date_gmt":"2023-12-05T12:45:05","guid":{"rendered":"https:\/\/blog.eprivacy.eu\/?p=1762"},"modified":"2023-12-05T13:45:06","modified_gmt":"2023-12-05T12:45:06","slug":"empfehlungen-der-berlin-group-zu-telemetrie-und-diagnosedaten","status":"publish","type":"post","link":"https:\/\/blog.eprivacy.eu\/?p=1762&lang=de","title":{"rendered":"Empfehlungen der Berlin Group zu Telemetrie und Diagnosedaten"},"content":{"rendered":"\n<p>Die sog. &#8222;Berlin Group&#8220; \u2013 Internationale Arbeitsgruppe f\u00fcr Datenschutz in der Technologie (IWGDPT) \u2013 hat ein&nbsp;<a href=\"https:\/\/t5baa4d95.emailsys1a.net\/c\/107\/7083484\/4221\/0\/19756747\/677\/466990\/c4922e14f3.html\">Arbeitspapier zu Telemetriedaten<\/a>&nbsp;angenommen und m\u00f6chte damit insbesondere Hersteller bei der Gestaltung von datenschutzkonformen Telemetrie- und Diagnosefunktionen unterst\u00fctzen.<br>Das Arbeitspapier vermittelt zun\u00e4chst eine Definition und Abgrenzung von Telemetrie- und Diagnosedaten.&nbsp;<\/p>\n\n\n\n<ul><li><strong>Telemetriedaten<\/strong>&nbsp;sind dabei kontinuierlich von Ger\u00e4ten bzw. Anwendungen gesammelte und \u00fcbertragene Informationen.<\/li><li><strong>Diagnosedaten<\/strong>&nbsp;dagegen werden ausschlie\u00dflich bei bestimmten Ereignissen \u2013 z.B. bei Fehlern \u2013 erhoben und \u00fcbertragen.<\/li><\/ul>\n\n\n\n<p>Beschrieben werden unterschiedliche Szenarien f\u00fcr den Einsatz von Telemetrie- und Diagnosedaten und auch damit einhergehende Risiken in Bezug auf&nbsp; Privatsph\u00e4re&nbsp;und Datenschutz.&nbsp;So kann es&nbsp;zum Beispiel problematisch sein, wenn&nbsp;Nutzer \u00fcber die Datenerhebung nicht ausreichend informiert werden bzw. datenschutzrechtliche Grunds\u00e4tze wie Zweckbindung und Datenminimierung nicht eingehalten werden. Nutzer sollten&nbsp;immer&nbsp;die&nbsp;M\u00f6glichkeit&nbsp;haben, den Umfang&nbsp;Datenerfassung zu begrenzen bzw. der Erfassung&nbsp;zu widersprechen. Das Arbeitspapier enth\u00e4lt Anwendungsbeispiele, beschreibt Datenschutzrisiken und spricht Empfehlungen aus.&nbsp;<br>&nbsp;Ziel des&nbsp;Papiers ist es,&nbsp;allen relevanten Akteuren (Gesetzgeber, Entwicklern\/Anbietern\/Herstellern, Kunden, (End-)Verbrauchern und auch Datenschutzberatern) Empfehlungen zum Datenschutz bei der Verarbeitung von Diagnose- und Telemetriedaten zu geben und m\u00f6gliche Datenschutzl\u00fccken zu schlie\u00dfen.<\/p>\n","protected":false},"excerpt":{"rendered":"<p>Die sog. &#8222;Berlin Group&#8220; \u2013 Internationale Arbeitsgruppe f\u00fcr Datenschutz in der Technologie (IWGDPT) \u2013 hat ein&nbsp;Arbeitspapier zu Telemetriedaten&nbsp;angenommen und m\u00f6chte damit insbesondere<\/p>\n<p class=\"link-more\"><a class=\"myButt \" href=\"https:\/\/blog.eprivacy.eu\/?p=1762&#038;lang=de\">Read More<\/a><\/p>\n","protected":false},"author":1,"featured_media":0,"comment_status":"closed","ping_status":"open","sticky":false,"template":"","format":"standard","meta":[],"categories":[10],"tags":[],"_links":{"self":[{"href":"https:\/\/blog.eprivacy.eu\/index.php?rest_route=\/wp\/v2\/posts\/1762"}],"collection":[{"href":"https:\/\/blog.eprivacy.eu\/index.php?rest_route=\/wp\/v2\/posts"}],"about":[{"href":"https:\/\/blog.eprivacy.eu\/index.php?rest_route=\/wp\/v2\/types\/post"}],"author":[{"embeddable":true,"href":"https:\/\/blog.eprivacy.eu\/index.php?rest_route=\/wp\/v2\/users\/1"}],"replies":[{"embeddable":true,"href":"https:\/\/blog.eprivacy.eu\/index.php?rest_route=%2Fwp%2Fv2%2Fcomments&post=1762"}],"version-history":[{"count":1,"href":"https:\/\/blog.eprivacy.eu\/index.php?rest_route=\/wp\/v2\/posts\/1762\/revisions"}],"predecessor-version":[{"id":1763,"href":"https:\/\/blog.eprivacy.eu\/index.php?rest_route=\/wp\/v2\/posts\/1762\/revisions\/1763"}],"wp:attachment":[{"href":"https:\/\/blog.eprivacy.eu\/index.php?rest_route=%2Fwp%2Fv2%2Fmedia&parent=1762"}],"wp:term":[{"taxonomy":"category","embeddable":true,"href":"https:\/\/blog.eprivacy.eu\/index.php?rest_route=%2Fwp%2Fv2%2Fcategories&post=1762"},{"taxonomy":"post_tag","embeddable":true,"href":"https:\/\/blog.eprivacy.eu\/index.php?rest_route=%2Fwp%2Fv2%2Ftags&post=1762"}],"curies":[{"name":"wp","href":"https:\/\/api.w.org\/{rel}","templated":true}]}}