{"id":1781,"date":"2023-12-05T14:10:47","date_gmt":"2023-12-05T13:10:47","guid":{"rendered":"https:\/\/blog.eprivacy.eu\/?p=1781"},"modified":"2023-12-05T17:43:40","modified_gmt":"2023-12-05T16:43:40","slug":"kostenfreies-webinar-ki-in-unternehmen-und-der-datenschutz","status":"publish","type":"post","link":"https:\/\/blog.eprivacy.eu\/?p=1781&lang=de","title":{"rendered":"Kostenfreies Webinar: KI in Unternehmen und der Datenschutz"},"content":{"rendered":"\n<p><strong>ePrivacy Webinar: KI in Unternehmen und der Datenschutz&nbsp;\u2013 kritische Themen&nbsp;und L\u00f6sungsans\u00e4tze<\/strong><\/p>\n\n\n\n<p>In unserem Webinar informieren wir&nbsp;\u00fcber&nbsp;den&nbsp;Stand beim Einsatz von KI in&nbsp;Unternehmen&nbsp;und beleuchten&nbsp;aktuelle&nbsp;Datenschutz-Anforderungen&nbsp;&nbsp;<\/p>\n\n\n\n<ul><li>Nach einer kurzen Einf\u00fchrung ins Thema und Definition, erkl\u00e4ren wir&nbsp;die unterschiedlichen Arten von KI\u00b4s und deren Einsatzm\u00f6glichkeiten im Unternehmen<\/li><li>Wir informieren \u00fcber die aktuellen Datenschutz-Anforderungen, die beim Einsatz von KI im Unternehmen zu beachten&nbsp;sind. Hier diskutieren wir Themen wie:&nbsp;<strong>DSGVO-Rolle, Rechtsgrundlage, Informationspflichten, Betroffenenrechte, Datenschutzfolgenabsch\u00e4tzung, Privacy by Design\/Privacy by Default und Einsatz geeignteter TOM, u.v.m.<\/strong><strong>&nbsp;<\/strong><\/li><li>Wir berichten \u00fcber Datenschutz-Audits mit denen KI\u00b4s bewertet werden k\u00f6nnen<\/li><li>Wir&nbsp;zeigen angrenzende&nbsp;Themen \u2013 beispielsweise AI Act \u2013 auf, die beim Einsatz von k\u00fcnstlicher Intelligenz im Unternehmen&nbsp;zu beachten&nbsp;sind<\/li><li>Abschlie\u00dfend sprechen wir datenschutzrechtlich relevante Empfehlungen zur Risikominimierung&nbsp;aus<\/li><\/ul>\n\n\n\n<p><strong>Datum&nbsp;&amp; Zeit:&nbsp;<\/strong><\/p>\n\n\n\n<p>30. November 2023, 12:00 -13:00 Uhr (einschlie\u00dflich Zeit f\u00fcr Ihre Fragen)<\/p>\n\n\n\n<p><strong>Referent:<\/strong><\/p>\n\n\n\n<p>Prof. Dr. Christoph Bauer, CEO und Gr\u00fcnder der ePrivacy GmbH&nbsp;<\/p>\n","protected":false},"excerpt":{"rendered":"<p>ePrivacy Webinar: KI in Unternehmen und der Datenschutz&nbsp;\u2013 kritische Themen&nbsp;und L\u00f6sungsans\u00e4tze In unserem Webinar informieren wir&nbsp;\u00fcber&nbsp;den&nbsp;Stand beim Einsatz von KI in&nbsp;Unternehmen&nbsp;und beleuchten&nbsp;aktuelle&nbsp;Datenschutz-Anforderungen&nbsp;&nbsp;<\/p>\n<p class=\"link-more\"><a class=\"myButt \" href=\"https:\/\/blog.eprivacy.eu\/?p=1781&#038;lang=de\">Read More<\/a><\/p>\n","protected":false},"author":1,"featured_media":1792,"comment_status":"closed","ping_status":"open","sticky":false,"template":"","format":"standard","meta":[],"categories":[29],"tags":[],"_links":{"self":[{"href":"https:\/\/blog.eprivacy.eu\/index.php?rest_route=\/wp\/v2\/posts\/1781"}],"collection":[{"href":"https:\/\/blog.eprivacy.eu\/index.php?rest_route=\/wp\/v2\/posts"}],"about":[{"href":"https:\/\/blog.eprivacy.eu\/index.php?rest_route=\/wp\/v2\/types\/post"}],"author":[{"embeddable":true,"href":"https:\/\/blog.eprivacy.eu\/index.php?rest_route=\/wp\/v2\/users\/1"}],"replies":[{"embeddable":true,"href":"https:\/\/blog.eprivacy.eu\/index.php?rest_route=%2Fwp%2Fv2%2Fcomments&post=1781"}],"version-history":[{"count":5,"href":"https:\/\/blog.eprivacy.eu\/index.php?rest_route=\/wp\/v2\/posts\/1781\/revisions"}],"predecessor-version":[{"id":1793,"href":"https:\/\/blog.eprivacy.eu\/index.php?rest_route=\/wp\/v2\/posts\/1781\/revisions\/1793"}],"wp:featuredmedia":[{"embeddable":true,"href":"https:\/\/blog.eprivacy.eu\/index.php?rest_route=\/wp\/v2\/media\/1792"}],"wp:attachment":[{"href":"https:\/\/blog.eprivacy.eu\/index.php?rest_route=%2Fwp%2Fv2%2Fmedia&parent=1781"}],"wp:term":[{"taxonomy":"category","embeddable":true,"href":"https:\/\/blog.eprivacy.eu\/index.php?rest_route=%2Fwp%2Fv2%2Fcategories&post=1781"},{"taxonomy":"post_tag","embeddable":true,"href":"https:\/\/blog.eprivacy.eu\/index.php?rest_route=%2Fwp%2Fv2%2Ftags&post=1781"}],"curies":[{"name":"wp","href":"https:\/\/api.w.org\/{rel}","templated":true}]}}