{"id":1805,"date":"2024-01-29T08:59:46","date_gmt":"2024-01-29T07:59:46","guid":{"rendered":"https:\/\/blog.eprivacy.eu\/?p=1805"},"modified":"2024-01-29T08:59:46","modified_gmt":"2024-01-29T07:59:46","slug":"neue-europaeische-rechtsakte-mit-datenschutz-rechtlichem-bezug","status":"publish","type":"post","link":"https:\/\/blog.eprivacy.eu\/?p=1805&lang=de","title":{"rendered":"Neue europ\u00e4ische Rechtsakte mit datenschutz-rechtlichem Bezug"},"content":{"rendered":"\n<p>Ebenfalls noch kurz vor Jahresende erfolgte am 8. Dezember 2023 eine politische Einigung im Rahmen der Trilogverhandlungen zur Schaffung einer KI-Verordnung. Damit werden die europ\u00e4ischen Institutionen dieses legislative Vorhaben noch vor den kommenden Wahlen zum europ\u00e4ischen Parlament abschlie\u00dfen k\u00f6nnen. Zwei Jahre danach wird die KI-Verordnung wirksam. Eine unterdessen geleakte Fassung des Textes ist unter anderem hier (<a href=\"https:\/\/t5baa4d95.emailsys1a.net\/c\/107\/7207698\/4221\/0\/11200275\/176\/477224\/2c296e3fe5.html\">iapp.org\/news\/a\/eu-ai-act-draft-consolidated-text-leaked-online\/<\/a>) abrufbar.&nbsp;<br>Dagegen ist am 22. Dezember 2023 ist die Verordnung zur \u201eSchaffung einheitlicher Vorschriften f\u00fcr den fairen Zugang zu Daten und deren faire Nutzung\u201c \u2013 kurz&nbsp;Data Act&nbsp;\u2013 im Amtsblatt der Europ\u00e4ischen Union ver\u00f6ffentlicht worden (<a href=\"https:\/\/t5baa4d95.emailsys1a.net\/c\/107\/7207698\/4221\/0\/11200275\/176\/476072\/c93a7dd121.html\">bmdv.bund.de\/SharedDocs\/DE\/Anlage\/DG\/Digitales\/eu-data-act-deutsche-fassung-22-12-23.html<\/a>) und tritt am 11.1.2024 in Kraft. Anwendung finden wird der Data Act in gro\u00dfen Teilen ab dem 12.9.2025. Regelungsschwerpunkt ist nach den der Zugang zu Daten, die bei der Nutzung von vernetzten Produkten (physische Gegenst\u00e4nde) und verbundenen Dienste (digitale Dienste, inkl. Software), entstehen, zugunsten von Nutzer und Dritte, Art. 3 bis 5 DA. Der Data Act erg\u00e4nzt die DSGVO, beispielsweise im Bereich von Art. 15 und 20 DSGVO. Der Nutzer ist nach Art. 3 Abs. 2 und DA \u00fcber seine Rechte aus dem Data Act zu informieren, sodass in dessen Anwendungsbereich \u00fcber die DSGVO hinausgehende Informationspflichten bestehen. Im \u00dcbrigen soll die DSGVO durch den Data Act \u201eunber\u00fchrt\u201c bleiben; die DSGVO soll Vorrang vor dem Data Act haben (Art. 1 Abs. 5, Erw\u00e4gungsgrund 7 S. 5 Data Act). Wenn bei einem Herausgabeverlangen des Nutzers personenbezogene Daten Dritter betroffen sind, so bedarf diese Herausgabe beispielsweise einer Rechtsgrundlage.<\/p>\n","protected":false},"excerpt":{"rendered":"<p>Ebenfalls noch kurz vor Jahresende erfolgte am 8. Dezember 2023 eine politische Einigung im Rahmen der Trilogverhandlungen zur Schaffung einer KI-Verordnung. Damit<\/p>\n<p class=\"link-more\"><a class=\"myButt \" href=\"https:\/\/blog.eprivacy.eu\/?p=1805&#038;lang=de\">Read More<\/a><\/p>\n","protected":false},"author":1,"featured_media":0,"comment_status":"closed","ping_status":"open","sticky":false,"template":"","format":"standard","meta":[],"categories":[10],"tags":[],"_links":{"self":[{"href":"https:\/\/blog.eprivacy.eu\/index.php?rest_route=\/wp\/v2\/posts\/1805"}],"collection":[{"href":"https:\/\/blog.eprivacy.eu\/index.php?rest_route=\/wp\/v2\/posts"}],"about":[{"href":"https:\/\/blog.eprivacy.eu\/index.php?rest_route=\/wp\/v2\/types\/post"}],"author":[{"embeddable":true,"href":"https:\/\/blog.eprivacy.eu\/index.php?rest_route=\/wp\/v2\/users\/1"}],"replies":[{"embeddable":true,"href":"https:\/\/blog.eprivacy.eu\/index.php?rest_route=%2Fwp%2Fv2%2Fcomments&post=1805"}],"version-history":[{"count":1,"href":"https:\/\/blog.eprivacy.eu\/index.php?rest_route=\/wp\/v2\/posts\/1805\/revisions"}],"predecessor-version":[{"id":1806,"href":"https:\/\/blog.eprivacy.eu\/index.php?rest_route=\/wp\/v2\/posts\/1805\/revisions\/1806"}],"wp:attachment":[{"href":"https:\/\/blog.eprivacy.eu\/index.php?rest_route=%2Fwp%2Fv2%2Fmedia&parent=1805"}],"wp:term":[{"taxonomy":"category","embeddable":true,"href":"https:\/\/blog.eprivacy.eu\/index.php?rest_route=%2Fwp%2Fv2%2Fcategories&post=1805"},{"taxonomy":"post_tag","embeddable":true,"href":"https:\/\/blog.eprivacy.eu\/index.php?rest_route=%2Fwp%2Fv2%2Ftags&post=1805"}],"curies":[{"name":"wp","href":"https:\/\/api.w.org\/{rel}","templated":true}]}}