{"id":1820,"date":"2024-01-29T09:07:10","date_gmt":"2024-01-29T08:07:10","guid":{"rendered":"https:\/\/blog.eprivacy.eu\/?p=1820"},"modified":"2024-01-29T09:07:10","modified_gmt":"2024-01-29T08:07:10","slug":"befuerchtungen-koennen-immateriellen-schaden-darstellen-entlastungsbeweis-durch-tom","status":"publish","type":"post","link":"https:\/\/blog.eprivacy.eu\/?p=1820&lang=de","title":{"rendered":"Bef\u00fcrchtungen k\u00f6nnen immateriellen Schaden darstellen &#8211; Entlastungsbeweis durch TOM"},"content":{"rendered":"\n<p>Dem am 14. Dezember 2023 in der Rechtssache C-340\/21 zu entscheidenden Fall (<a href=\"https:\/\/t5baa4d95.emailsys1a.net\/c\/107\/7207698\/4221\/0\/11200275\/176\/476046\/4cc709abb1.html\">curia.europa.eu\/juris\/documents.jsf?num=C-340\/21<\/a>) lag ein Sachverhalt zu Grunde bei dem unbefugter Zugang zum einem IT\u2011System erfolgt war und dass infolge dieses Cyberangriffs in diesem System enthaltene personenbezogene Daten im Internet ver\u00f6ffentlicht worden waren. Betroffene begehrten daraufhin Schadensersatz.<\/p>\n\n\n\n<p><br><strong>In seinem Urteil f\u00fchrt der Gerichtshof zun\u00e4chst wie folgt aus:<\/strong><br>\u00a01.\u00a0im Fall der unbefugten Offenlegung von bzw. des unbefugten Zugangs zu personenbezogenen Daten k\u00f6nnen die Gerichte aus diesem Umstand allein nicht ableiten, dass die Schutzma\u00dfnahmen, die der f\u00fcr die Datenverarbeitung Verantwortliche ergriffen hat, nicht geeignet waren. Die Gerichte m\u00fcssten die Geeignetheit dieser Ma\u00dfnahmen konkret beurteilen.\u00a0<br>2.\u00a0der Verantwortliche tr\u00e4gt die Beweislast daf\u00fcr, dass die getroffenen Schutzma\u00dfnahmen geeignet waren.<br>3. Im Fall der unbefugten Offenlegung von bzw. des unbefugten Zugangs zu personenbezogenen Daten durch \u201eDritte\u201c (wie Cyberkriminelle) kann der Verantwortliche gegen\u00fcber den Personen, denen ein Schaden entstanden ist, ersatzpflichtig sein, es sei denn, er weist nach, dass er in keinerlei Hinsicht f\u00fcr den Schaden verantwortlich ist.<br>4.\u00a0Allein der Umstand, dass eine betroffene Person infolge eines Versto\u00dfes gegen die DSGVO bef\u00fcrchtet, dass ihre personenbezogenen Daten durch Dritte missbr\u00e4uchlich verwendet werden k\u00f6nnten, kann einen \u201eimmateriellen Schaden\u201c darstellen (Auszug aus der PM des EuGH).<\/p>\n","protected":false},"excerpt":{"rendered":"<p>Dem am 14. Dezember 2023 in der Rechtssache C-340\/21 zu entscheidenden Fall (curia.europa.eu\/juris\/documents.jsf?num=C-340\/21) lag ein Sachverhalt zu Grunde bei dem unbefugter Zugang<\/p>\n<p class=\"link-more\"><a class=\"myButt \" href=\"https:\/\/blog.eprivacy.eu\/?p=1820&#038;lang=de\">Read More<\/a><\/p>\n","protected":false},"author":1,"featured_media":0,"comment_status":"closed","ping_status":"open","sticky":false,"template":"","format":"standard","meta":[],"categories":[10],"tags":[],"_links":{"self":[{"href":"https:\/\/blog.eprivacy.eu\/index.php?rest_route=\/wp\/v2\/posts\/1820"}],"collection":[{"href":"https:\/\/blog.eprivacy.eu\/index.php?rest_route=\/wp\/v2\/posts"}],"about":[{"href":"https:\/\/blog.eprivacy.eu\/index.php?rest_route=\/wp\/v2\/types\/post"}],"author":[{"embeddable":true,"href":"https:\/\/blog.eprivacy.eu\/index.php?rest_route=\/wp\/v2\/users\/1"}],"replies":[{"embeddable":true,"href":"https:\/\/blog.eprivacy.eu\/index.php?rest_route=%2Fwp%2Fv2%2Fcomments&post=1820"}],"version-history":[{"count":1,"href":"https:\/\/blog.eprivacy.eu\/index.php?rest_route=\/wp\/v2\/posts\/1820\/revisions"}],"predecessor-version":[{"id":1821,"href":"https:\/\/blog.eprivacy.eu\/index.php?rest_route=\/wp\/v2\/posts\/1820\/revisions\/1821"}],"wp:attachment":[{"href":"https:\/\/blog.eprivacy.eu\/index.php?rest_route=%2Fwp%2Fv2%2Fmedia&parent=1820"}],"wp:term":[{"taxonomy":"category","embeddable":true,"href":"https:\/\/blog.eprivacy.eu\/index.php?rest_route=%2Fwp%2Fv2%2Fcategories&post=1820"},{"taxonomy":"post_tag","embeddable":true,"href":"https:\/\/blog.eprivacy.eu\/index.php?rest_route=%2Fwp%2Fv2%2Ftags&post=1820"}],"curies":[{"name":"wp","href":"https:\/\/api.w.org\/{rel}","templated":true}]}}