{"id":1830,"date":"2024-01-29T09:12:00","date_gmt":"2024-01-29T08:12:00","guid":{"rendered":"https:\/\/blog.eprivacy.eu\/?p=1830"},"modified":"2024-01-29T09:12:00","modified_gmt":"2024-01-29T08:12:00","slug":"voraussetzungen-und-bemessung-von-bussgeldern","status":"publish","type":"post","link":"https:\/\/blog.eprivacy.eu\/?p=1830&lang=de","title":{"rendered":"Voraussetzungen und Bemessung von Bu\u00dfgeldern"},"content":{"rendered":"\n<p><strong>Am 5. Dezember 2023 entschied der EuGH<\/strong>&nbsp;in den Rechtsachen C-807\/21 bzw. C-683\/21 (<a href=\"https:\/\/t5baa4d95.emailsys1a.net\/c\/107\/7207698\/4221\/0\/11200275\/176\/476023\/73eaf074c4.html\">curia.europa.eu\/juris\/liste.jsf?language=de&amp;td=ALL&amp;num=C-807\/21<\/a>),&nbsp;<strong>dass gegen einen f\u00fcr die Datenverarbeitung Verantwortlichen nur dann eine Geldbu\u00dfe wegen Versto\u00dfes gegen die DSGVO verh\u00e4ngt werden kann, wenn dieser Versto\u00df schuldhaft \u2013 also vors\u00e4tzlich oder fahrl\u00e4ssig \u2013 begangen wurde.&nbsp;<\/strong>Dies ist dann der Fall, wenn sich der Verantwortliche \u00fcber die Rechtswidrigkeit seines Verhaltens nicht im Unklaren sein konnte, gleich, ob ihm dabei bewusst war, dass es gegen die Bestimmungen der DSGVO verst\u00f6\u00dft.<\/p>\n\n\n\n<p><strong>Handelt es sich bei dem Verantwortlichen um eine juristische Person, ist es nicht erforderlich, dass der Versto\u00df von ihrem Leitungsorgan begangen wurde oder dieses Organ Kenntnis davon hatte.<\/strong>&nbsp;Vielmehr haftet eine juristische Person sowohl f\u00fcr Verst\u00f6\u00dfe, die von ihren Vertretern, Leitungspersonen oder Gesch\u00e4ftsf\u00fchrern begangen werden, als auch f\u00fcr Verst\u00f6\u00dfe, die von jeder sonstigen Person begangen werden, die im Rahmen ihrer unternehmerischen T\u00e4tigkeit in ihrem Namen handelt. Die Verh\u00e4ngung einer Geldbu\u00dfe gegen eine juristische Person als Verantwortliche darf nicht der Voraussetzung unterliegen, dass zuvor festgestellt wurde, dass der Versto\u00df von einer identifizierten nat\u00fcrlichen Person begangen wurde.<\/p>\n\n\n\n<p>Schlie\u00dflich muss sich die Aufsichtsbeh\u00f6rde bei der&nbsp;<strong>Bemessung der Geldbu\u00dfe<\/strong>, wenn&nbsp;<strong>der Adressat ein Unternehmen ist oder zu einem Unternehmen geh\u00f6rt<\/strong>, auf den wettbewerbsrechtlichen Begriff \u201eUnternehmen\u201c st\u00fctzen. Der H\u00f6chstbetrag der Geldbu\u00dfe ist daher auf der Grundlage eines Prozentsatzes des&nbsp;<strong>gesamten Jahresumsatzes<\/strong>&nbsp;zu berechnen, den das betreffende Unternehmen als Ganzes im vorangegangenen Gesch\u00e4ftsjahr&nbsp;<strong>weltweit<\/strong>&nbsp;erzielt hat (Auszug aus der PM des EuGH).<\/p>\n","protected":false},"excerpt":{"rendered":"<p>Am 5. Dezember 2023 entschied der EuGH&nbsp;in den Rechtsachen C-807\/21 bzw. C-683\/21 (curia.europa.eu\/juris\/liste.jsf?language=de&amp;td=ALL&amp;num=C-807\/21),&nbsp;dass gegen einen f\u00fcr die Datenverarbeitung Verantwortlichen nur dann eine<\/p>\n<p class=\"link-more\"><a class=\"myButt \" href=\"https:\/\/blog.eprivacy.eu\/?p=1830&#038;lang=de\">Read More<\/a><\/p>\n","protected":false},"author":1,"featured_media":0,"comment_status":"closed","ping_status":"open","sticky":false,"template":"","format":"standard","meta":[],"categories":[10],"tags":[],"_links":{"self":[{"href":"https:\/\/blog.eprivacy.eu\/index.php?rest_route=\/wp\/v2\/posts\/1830"}],"collection":[{"href":"https:\/\/blog.eprivacy.eu\/index.php?rest_route=\/wp\/v2\/posts"}],"about":[{"href":"https:\/\/blog.eprivacy.eu\/index.php?rest_route=\/wp\/v2\/types\/post"}],"author":[{"embeddable":true,"href":"https:\/\/blog.eprivacy.eu\/index.php?rest_route=\/wp\/v2\/users\/1"}],"replies":[{"embeddable":true,"href":"https:\/\/blog.eprivacy.eu\/index.php?rest_route=%2Fwp%2Fv2%2Fcomments&post=1830"}],"version-history":[{"count":1,"href":"https:\/\/blog.eprivacy.eu\/index.php?rest_route=\/wp\/v2\/posts\/1830\/revisions"}],"predecessor-version":[{"id":1831,"href":"https:\/\/blog.eprivacy.eu\/index.php?rest_route=\/wp\/v2\/posts\/1830\/revisions\/1831"}],"wp:attachment":[{"href":"https:\/\/blog.eprivacy.eu\/index.php?rest_route=%2Fwp%2Fv2%2Fmedia&parent=1830"}],"wp:term":[{"taxonomy":"category","embeddable":true,"href":"https:\/\/blog.eprivacy.eu\/index.php?rest_route=%2Fwp%2Fv2%2Fcategories&post=1830"},{"taxonomy":"post_tag","embeddable":true,"href":"https:\/\/blog.eprivacy.eu\/index.php?rest_route=%2Fwp%2Fv2%2Ftags&post=1830"}],"curies":[{"name":"wp","href":"https:\/\/api.w.org\/{rel}","templated":true}]}}