{"id":1879,"date":"2024-03-14T16:56:53","date_gmt":"2024-03-14T15:56:53","guid":{"rendered":"https:\/\/blog.eprivacy.eu\/?p=1879"},"modified":"2024-03-14T16:56:53","modified_gmt":"2024-03-14T15:56:53","slug":"bussgeldrechtliche-verbandshaftung-nach-der-dsgvo","status":"publish","type":"post","link":"https:\/\/blog.eprivacy.eu\/?p=1879&lang=de","title":{"rendered":"Bu\u00dfgeldrechtliche Verbandshaftung nach der DSGVO"},"content":{"rendered":"\n<figure class=\"wp-block-table\"><table><tbody><tr><td>Im Anschluss an die Entscheidung des Europ\u00e4ischen Gerichtshofs (EuGH) in der Rechtssache C-807\/21 (Deutsche Wohnen) vom 5. Dezember 2023 (wir berichteten) hat das Kammergericht Berlin (KG) das Verfahren fortgesetzt und es mit&nbsp;<a href=\"https:\/\/t5baa4d95.emailsys1a.net\/c\/107\/7341642\/4221\/0\/11200267\/361\/483683\/3f61bc7365.html\">Beschluss vom 22. Januar 2024<\/a>&nbsp;an das Landgericht zur\u00fcckverwiesen.<br><br>Die Entscheidungsgr\u00fcnde lassen aufhorchen: sehr deutlich setzt das KG das Judikat des EuGH um und best\u00e4tigt, dass sich ein Bu\u00dfgeldbescheid gegen ein Unternehmen richten kann, wenn es als Verantwortliche f\u00fcr die Datenverarbeitung zu qualifizieren ist. Unter Bezug auf den EuGH betont es mehrfach, dass ein Versto\u00df von einer identifizierten nat\u00fcrlichen Person nicht erforderlich sei. Die bereits in der EuGH-Entscheidung angelegte Verbandshaftung wird vom KG voll aufgegriffen. Sp\u00e4rlich sind allerdings vom KG die Ausf\u00fchrungen zum Verschulden. Dieses Erfordernis hatte der EuGH ausdr\u00fccklich aufrechterhalten, auch wenn die Anforderungen an dieses bereits vom EuGH deutlich herabgesetzt schienen.&nbsp;Das KG setzt dies fort, indem es betont, dass&nbsp;damit alle Personen, die im Rahmen der unternehmerischen T\u00e4tigkeit handeln, in den abstrakten Verantwortungskreis der juristischen Person fallen, und selbst eine normentsprechende Organisation \u2013 jedenfalls in aller Regel \u2013 nicht zur Exkulpation f\u00fchre. Dies entspr\u00e4che dem Effektivit\u00e4tsgrundsatz des europ\u00e4ischen Rechts (Rn. 14). Den Hinweis auf \u201edie Regel\u201c konkretisiert das KG dann sp\u00e4ter etwas, wenn es von \u201everringerten Exkuplationsm\u00f6glichkeiten\u201c spricht, Rn. 15. Damit bleibt abzuwarten, wie sich die Rechtsprechung zum Verschulden im Rahmen der nunmehr anzunehmenden \u201eentpersonalisierten\u201c Unternehmenshaftung weiter entwickelt. Das Bu\u00dfgeldrisiko f\u00fcr Unternehmen d\u00fcrfte jedoch k\u00fcnftig weiter steigen.<\/td><\/tr><\/tbody><\/table><\/figure>\n","protected":false},"excerpt":{"rendered":"<p>Im Anschluss an die Entscheidung des Europ\u00e4ischen Gerichtshofs (EuGH) in der Rechtssache C-807\/21 (Deutsche Wohnen) vom 5. Dezember 2023 (wir berichteten) hat<\/p>\n<p class=\"link-more\"><a class=\"myButt \" href=\"https:\/\/blog.eprivacy.eu\/?p=1879&#038;lang=de\">Read More<\/a><\/p>\n","protected":false},"author":1,"featured_media":0,"comment_status":"closed","ping_status":"open","sticky":false,"template":"","format":"standard","meta":[],"categories":[10],"tags":[],"_links":{"self":[{"href":"https:\/\/blog.eprivacy.eu\/index.php?rest_route=\/wp\/v2\/posts\/1879"}],"collection":[{"href":"https:\/\/blog.eprivacy.eu\/index.php?rest_route=\/wp\/v2\/posts"}],"about":[{"href":"https:\/\/blog.eprivacy.eu\/index.php?rest_route=\/wp\/v2\/types\/post"}],"author":[{"embeddable":true,"href":"https:\/\/blog.eprivacy.eu\/index.php?rest_route=\/wp\/v2\/users\/1"}],"replies":[{"embeddable":true,"href":"https:\/\/blog.eprivacy.eu\/index.php?rest_route=%2Fwp%2Fv2%2Fcomments&post=1879"}],"version-history":[{"count":1,"href":"https:\/\/blog.eprivacy.eu\/index.php?rest_route=\/wp\/v2\/posts\/1879\/revisions"}],"predecessor-version":[{"id":1880,"href":"https:\/\/blog.eprivacy.eu\/index.php?rest_route=\/wp\/v2\/posts\/1879\/revisions\/1880"}],"wp:attachment":[{"href":"https:\/\/blog.eprivacy.eu\/index.php?rest_route=%2Fwp%2Fv2%2Fmedia&parent=1879"}],"wp:term":[{"taxonomy":"category","embeddable":true,"href":"https:\/\/blog.eprivacy.eu\/index.php?rest_route=%2Fwp%2Fv2%2Fcategories&post=1879"},{"taxonomy":"post_tag","embeddable":true,"href":"https:\/\/blog.eprivacy.eu\/index.php?rest_route=%2Fwp%2Fv2%2Ftags&post=1879"}],"curies":[{"name":"wp","href":"https:\/\/api.w.org\/{rel}","templated":true}]}}