{"id":1930,"date":"2024-05-23T09:08:35","date_gmt":"2024-05-23T07:08:35","guid":{"rendered":"https:\/\/blog.eprivacy.eu\/?p=1930"},"modified":"2024-05-23T09:08:35","modified_gmt":"2024-05-23T07:08:35","slug":"kuenftig-mehr-anforderungen-an-die-datensicherheit","status":"publish","type":"post","link":"https:\/\/blog.eprivacy.eu\/?p=1930&lang=de","title":{"rendered":"K\u00fcnftig mehr Anforderungen an die Datensicherheit"},"content":{"rendered":"\n<figure class=\"wp-block-table\"><table><tbody><tr><td>In Umsetzung der&nbsp;Richtlinie (EU) 2022\/2555 des Europ\u00e4ischen Parlaments und des Rates vom 14. Dezember 2022 \u00fcber Ma\u00dfnahmen f\u00fcr ein hohes gemeinsames Cybersicherheitsniveau in der Union, zur \u00c4nderung der Verordnung (EU)&nbsp;Nr.&nbsp;910\/2014 und der Richtlinie (EU) 2018\/1972 sowie zur Aufhebung der Richtlinie (EU) 2016\/1148 (ABl.&nbsp;L 333 vom 27. Dezember 2022, S. 80 (NIS-2 Richtlinie) hat der Bundesgesetzgeber einen&nbsp;<a href=\"https:\/\/t5baa4d95.emailsys1a.net\/c\/107\/7513549\/4221\/0\/11200267\/344\/493469\/07399d412d.html\">Referentenentwurf<\/a>&nbsp;vorgelegt. Der Kreis der Verpflichteten ein bestimmtes Niveau an Datensicherheit zu unterhalten wird \u00fcber die Betreiber Kritischer Infrastrukturen deutlich ausgeweitet und wird dar\u00fcber hinaus die Anforderungen an die Datensicherheit f\u00fcr Unternehmen allgemein erh\u00f6hen.<\/td><\/tr><\/tbody><\/table><\/figure>\n","protected":false},"excerpt":{"rendered":"<p>In Umsetzung der&nbsp;Richtlinie (EU) 2022\/2555 des Europ\u00e4ischen Parlaments und des Rates vom 14. Dezember 2022 \u00fcber Ma\u00dfnahmen f\u00fcr ein hohes gemeinsames Cybersicherheitsniveau<\/p>\n<p class=\"link-more\"><a class=\"myButt \" href=\"https:\/\/blog.eprivacy.eu\/?p=1930&#038;lang=de\">Read More<\/a><\/p>\n","protected":false},"author":1,"featured_media":0,"comment_status":"closed","ping_status":"open","sticky":false,"template":"","format":"standard","meta":[],"categories":[10],"tags":[],"_links":{"self":[{"href":"https:\/\/blog.eprivacy.eu\/index.php?rest_route=\/wp\/v2\/posts\/1930"}],"collection":[{"href":"https:\/\/blog.eprivacy.eu\/index.php?rest_route=\/wp\/v2\/posts"}],"about":[{"href":"https:\/\/blog.eprivacy.eu\/index.php?rest_route=\/wp\/v2\/types\/post"}],"author":[{"embeddable":true,"href":"https:\/\/blog.eprivacy.eu\/index.php?rest_route=\/wp\/v2\/users\/1"}],"replies":[{"embeddable":true,"href":"https:\/\/blog.eprivacy.eu\/index.php?rest_route=%2Fwp%2Fv2%2Fcomments&post=1930"}],"version-history":[{"count":1,"href":"https:\/\/blog.eprivacy.eu\/index.php?rest_route=\/wp\/v2\/posts\/1930\/revisions"}],"predecessor-version":[{"id":1931,"href":"https:\/\/blog.eprivacy.eu\/index.php?rest_route=\/wp\/v2\/posts\/1930\/revisions\/1931"}],"wp:attachment":[{"href":"https:\/\/blog.eprivacy.eu\/index.php?rest_route=%2Fwp%2Fv2%2Fmedia&parent=1930"}],"wp:term":[{"taxonomy":"category","embeddable":true,"href":"https:\/\/blog.eprivacy.eu\/index.php?rest_route=%2Fwp%2Fv2%2Fcategories&post=1930"},{"taxonomy":"post_tag","embeddable":true,"href":"https:\/\/blog.eprivacy.eu\/index.php?rest_route=%2Fwp%2Fv2%2Ftags&post=1930"}],"curies":[{"name":"wp","href":"https:\/\/api.w.org\/{rel}","templated":true}]}}