{"id":2013,"date":"2024-07-12T12:51:09","date_gmt":"2024-07-12T10:51:09","guid":{"rendered":"https:\/\/blog.eprivacy.eu\/?p=2013"},"modified":"2024-07-12T12:51:09","modified_gmt":"2024-07-12T10:51:09","slug":"risiken-bei-der-implementierung-von-recall-funktion","status":"publish","type":"post","link":"https:\/\/blog.eprivacy.eu\/?p=2013&lang=de","title":{"rendered":"Risiken bei der Implementierung von \u201eRecall\u201c Funktion"},"content":{"rendered":"\n<p>Microsoft hat mit der Einf\u00fchrung der neuen Copilot+ Computer eine innovative Funktion namens &#8222;Recall&#8220; vorgestellt, die eine fortlaufende Aufzeichnung des Bildschirms durchf\u00fchrt. Recall erstellt alle f\u00fcnf Sekunden Momentaufnahmen des Bildschirminhalts, die\u00a0<a href=\"https:\/\/t5baa4d95.emailsys1a.net\/c\/107\/7578479\/4221\/0\/11200267\/337\/498756\/0d37cee5fa.html\">lokal gespeichert und aufgearbeitet\u00a0<\/a>werden. Dies bietet den Nutzern die M\u00f6glichkeit, Bildschirminhalte in nat\u00fcrlicher Sprache zu durchsuchen und automatisch Ergebnisse zu erhalten, einschlie\u00dflich visueller \u00dcbereinstimmungen.<br>\u00a0<br>Es ist von entscheidender Bedeutung, dieses Feature kritisch zu betrachten, da die Erfassung und Speicherung von Bildschirminhalten mit sensiblen Informationen in Falle eines Datenverlusts verheerende Folgen haben k\u00f6nnte. Die derzeitige Implementierung von Recall speichert die Daten unverschl\u00fcsselt in einer SQLite-Datenbank und die Screenshots in einem zug\u00e4nglichen\u00a0<a href=\"https:\/\/t5baa4d95.emailsys1a.net\/c\/107\/7578479\/4221\/0\/11200267\/337\/498757\/41acbb3f95.html\">Ordner auf dem Computer<\/a>. Diese Praxis birgt potenzielle Sicherheitsrisiken, da unverschl\u00fcsselte Daten anf\u00e4llig f\u00fcr unbefugten Zugriff und Missbrauch sein k\u00f6nnen.<br>\u00a0<br>Microsoft plant Recall voraussichtlich mit Opt-In bei der Einrichtung von Windows 11 anzubieten. Voraussetzung f\u00fcr die Nutzung dieses Features ist ein Copilot+ Computer mit NPU. Laut Microsoft soll Recall aber schon im Rahmen des Windows Insider Program(WIP) als Preview,\u00a0<a href=\"https:\/\/t5baa4d95.emailsys1a.net\/c\/107\/7578479\/4221\/0\/11200267\/337\/499246\/b8e9064ad7.html\">in den n\u00e4chsten Wochen ver\u00f6ffentlicht werden<\/a>. Angesichts dessen ist eine sorgf\u00e4ltige \u00dcberpr\u00fcfung der Implementierung von Recall im pers\u00f6nlichen und unternehmerischen Kontext vorzunehmen, um angemessene Sicherheitsvorkehrungen zu gew\u00e4hrleisten.<\/p>\n","protected":false},"excerpt":{"rendered":"<p>Microsoft hat mit der Einf\u00fchrung der neuen Copilot+ Computer eine innovative Funktion namens &#8222;Recall&#8220; vorgestellt, die eine fortlaufende Aufzeichnung des Bildschirms durchf\u00fchrt.<\/p>\n<p class=\"link-more\"><a class=\"myButt \" href=\"https:\/\/blog.eprivacy.eu\/?p=2013&#038;lang=de\">Read More<\/a><\/p>\n","protected":false},"author":1,"featured_media":0,"comment_status":"closed","ping_status":"open","sticky":false,"template":"","format":"standard","meta":[],"categories":[10],"tags":[],"_links":{"self":[{"href":"https:\/\/blog.eprivacy.eu\/index.php?rest_route=\/wp\/v2\/posts\/2013"}],"collection":[{"href":"https:\/\/blog.eprivacy.eu\/index.php?rest_route=\/wp\/v2\/posts"}],"about":[{"href":"https:\/\/blog.eprivacy.eu\/index.php?rest_route=\/wp\/v2\/types\/post"}],"author":[{"embeddable":true,"href":"https:\/\/blog.eprivacy.eu\/index.php?rest_route=\/wp\/v2\/users\/1"}],"replies":[{"embeddable":true,"href":"https:\/\/blog.eprivacy.eu\/index.php?rest_route=%2Fwp%2Fv2%2Fcomments&post=2013"}],"version-history":[{"count":1,"href":"https:\/\/blog.eprivacy.eu\/index.php?rest_route=\/wp\/v2\/posts\/2013\/revisions"}],"predecessor-version":[{"id":2014,"href":"https:\/\/blog.eprivacy.eu\/index.php?rest_route=\/wp\/v2\/posts\/2013\/revisions\/2014"}],"wp:attachment":[{"href":"https:\/\/blog.eprivacy.eu\/index.php?rest_route=%2Fwp%2Fv2%2Fmedia&parent=2013"}],"wp:term":[{"taxonomy":"category","embeddable":true,"href":"https:\/\/blog.eprivacy.eu\/index.php?rest_route=%2Fwp%2Fv2%2Fcategories&post=2013"},{"taxonomy":"post_tag","embeddable":true,"href":"https:\/\/blog.eprivacy.eu\/index.php?rest_route=%2Fwp%2Fv2%2Ftags&post=2013"}],"curies":[{"name":"wp","href":"https:\/\/api.w.org\/{rel}","templated":true}]}}