{"id":2026,"date":"2024-07-16T11:44:28","date_gmt":"2024-07-16T09:44:28","guid":{"rendered":"https:\/\/blog.eprivacy.eu\/?p=2026"},"modified":"2024-07-16T11:44:28","modified_gmt":"2024-07-16T09:44:28","slug":"orientierungshilfe-des-bayerischen-landesbeauftragten-fuer-den-datenschutz-zur-gemeinsamen-verantwortlichkeit","status":"publish","type":"post","link":"https:\/\/blog.eprivacy.eu\/?p=2026&lang=de","title":{"rendered":"Orientierungshilfe des Bayerischen Landesbeauftragten f\u00fcr den Datenschutz zur gemeinsamen Verantwortlichkeit"},"content":{"rendered":"\n<figure class=\"wp-block-table\"><table><tbody><tr><td>Der in Bayern nur f\u00fcr den \u00f6ffentlichen Bereich zust\u00e4ndige Landesbeauftragte f\u00fcr den Datenschutz hat&nbsp;<a href=\"https:\/\/t5baa4d95.emailsys1a.net\/c\/107\/7640763\/4221\/0\/11200267\/336\/502581\/d40e6868c2.html\">eine Orientierungshilfe<\/a>&nbsp;zur gemeinsamen Verantwortlichkeit vorgelegt. Auch wenn er dabei die \u00f6ffentlichen Stellen im Blick hat, sind die Ausf\u00fchrungen zur Entstehung und zur den Voraussetzungen der gemeinsamen Verantwortlichkeit auch aufgrund der umf\u00e4nglichen Nachweise lesenswert.<\/td><\/tr><\/tbody><\/table><\/figure>\n","protected":false},"excerpt":{"rendered":"<p>Der in Bayern nur f\u00fcr den \u00f6ffentlichen Bereich zust\u00e4ndige Landesbeauftragte f\u00fcr den Datenschutz hat&nbsp;eine Orientierungshilfe&nbsp;zur gemeinsamen Verantwortlichkeit vorgelegt. Auch wenn er dabei<\/p>\n<p class=\"link-more\"><a class=\"myButt \" href=\"https:\/\/blog.eprivacy.eu\/?p=2026&#038;lang=de\">Read More<\/a><\/p>\n","protected":false},"author":1,"featured_media":0,"comment_status":"closed","ping_status":"open","sticky":false,"template":"","format":"standard","meta":[],"categories":[10],"tags":[],"_links":{"self":[{"href":"https:\/\/blog.eprivacy.eu\/index.php?rest_route=\/wp\/v2\/posts\/2026"}],"collection":[{"href":"https:\/\/blog.eprivacy.eu\/index.php?rest_route=\/wp\/v2\/posts"}],"about":[{"href":"https:\/\/blog.eprivacy.eu\/index.php?rest_route=\/wp\/v2\/types\/post"}],"author":[{"embeddable":true,"href":"https:\/\/blog.eprivacy.eu\/index.php?rest_route=\/wp\/v2\/users\/1"}],"replies":[{"embeddable":true,"href":"https:\/\/blog.eprivacy.eu\/index.php?rest_route=%2Fwp%2Fv2%2Fcomments&post=2026"}],"version-history":[{"count":1,"href":"https:\/\/blog.eprivacy.eu\/index.php?rest_route=\/wp\/v2\/posts\/2026\/revisions"}],"predecessor-version":[{"id":2027,"href":"https:\/\/blog.eprivacy.eu\/index.php?rest_route=\/wp\/v2\/posts\/2026\/revisions\/2027"}],"wp:attachment":[{"href":"https:\/\/blog.eprivacy.eu\/index.php?rest_route=%2Fwp%2Fv2%2Fmedia&parent=2026"}],"wp:term":[{"taxonomy":"category","embeddable":true,"href":"https:\/\/blog.eprivacy.eu\/index.php?rest_route=%2Fwp%2Fv2%2Fcategories&post=2026"},{"taxonomy":"post_tag","embeddable":true,"href":"https:\/\/blog.eprivacy.eu\/index.php?rest_route=%2Fwp%2Fv2%2Ftags&post=2026"}],"curies":[{"name":"wp","href":"https:\/\/api.w.org\/{rel}","templated":true}]}}