{"id":2155,"date":"2024-10-16T10:27:19","date_gmt":"2024-10-16T08:27:19","guid":{"rendered":"https:\/\/blog.eprivacy.eu\/?p=2155"},"modified":"2024-10-16T10:27:19","modified_gmt":"2024-10-16T08:27:19","slug":"grundsatz-der-datenminimierung-beim-onlinemarketing-zulaessigkeit-der-verarbeitung-selbst-oeffentlich-gemachter-art-9-dsgvo-daten","status":"publish","type":"post","link":"https:\/\/blog.eprivacy.eu\/?p=2155&lang=de","title":{"rendered":"Grundsatz der Datenminimierung beim Onlinemarketing \u2013 Zul\u00e4ssigkeit der Verarbeitung selbst \u00f6ffentlich gemachter Art. 9-DSGVO-Daten"},"content":{"rendered":"\n<p>Am 4. Oktober 2024 erging in der Rechtssache C-446\/21\u00a0<a href=\"https:\/\/t5baa4d95.emailsys1a.net\/c\/107\/7836350\/4221\/0\/11200267\/329\/514436\/233ca81f5e.html\">eine weitere Entscheidung des Europ\u00e4ischen Gerichtshofes (EuGH) in der zwischen Max Schrems und Meta gef\u00fchrten Auseinandersetzung<\/a>. Dieses Verfahren steht in engem Zusammenhang mit der in der Rechtssache C-252\/21 ergangenen Entscheidung (<a href=\"https:\/\/t5baa4d95.emailsys1a.net\/c\/107\/7836350\/4221\/0\/11200267\/329\/514437\/a41c0878ec.html\">s. ePrivacyBlog September 2023<\/a>) und setzt darauf auf. Der EuGH trifft nun im Wesentlichen zwei Feststellungen. Wenig \u00fcberraschend betont der EuGH, dass der Grundsatz der Datenminimierung auch im Onlinemarketing gilt. Danach d\u00fcrfen (auch dort)\u00a0Daten nicht unbegrenzt verarbeitet werden, auch wenn die Datenverarbeitung urspr\u00fcnglich zul\u00e4ssig war. Ob im Ausgangsverfahren auf zu alte Daten zur\u00fcckgegriffen wurde, konnte der EuGH nicht entscheiden; dies zu kl\u00e4ren ist Sache des vorlegenden Gerichts. F\u00fcr die Praxis bedeutet dies, dass das Vorliegen von L\u00f6schkonzepten st\u00e4rker in den Focus r\u00fccken.<br>\u00a0<br>Zum anderen pr\u00fcfte der EuGH, wann nach Art. 9 Abs. 2 Buchst. e) DSGVO ein sensibles personenbezogenes Datum selbst \u00f6ffentlich gemacht wurde. Das Vorliegen dieses Ausnahmetatbestandes stellte der EuGH im vorliegenden Verfahren fest, betonte aber, dass darin nicht automatisch eine Einwilligung in die Verarbeitung von sensiblen Daten erblickt werden k\u00f6nne, insbesondere nicht in die Verarbeitung von au\u00dferhalb der Plattform gewonnenen sensiblen Daten zum Zwecke der Werbung (\u201emittelbare\u201c Generierung von sensiblen Daten durch\u00a0Social\u00a0Plug-ins, Cookies, Pixel auf Seiten Dritter mit anschlie\u00dfendem Zielgruppenmarketing). F\u00fcr die Praxis ist diese Feststellung \u00fcberaus bedeutsam, weil damit ganz allgemein die Frage der Zul\u00e4ssigkeit der Verarbeitung \u00f6ffentlicher Daten aufgeworfen wird. Bekanntlich bestehen zahlreiche Ver\u00f6ffentlichungspflichten (vgl. nur Impressum); zu der Frage aber, ob deren (zweck\u00e4ndernde) Verarbeitung zul\u00e4ssig ist, nimmt der EuGH aber (noch) keine Stellung.<\/p>\n","protected":false},"excerpt":{"rendered":"<p>Am 4. Oktober 2024 erging in der Rechtssache C-446\/21\u00a0eine weitere Entscheidung des Europ\u00e4ischen Gerichtshofes (EuGH) in der zwischen Max Schrems und Meta<\/p>\n<p class=\"link-more\"><a class=\"myButt \" href=\"https:\/\/blog.eprivacy.eu\/?p=2155&#038;lang=de\">Read More<\/a><\/p>\n","protected":false},"author":1,"featured_media":0,"comment_status":"closed","ping_status":"open","sticky":false,"template":"","format":"standard","meta":[],"categories":[10],"tags":[],"_links":{"self":[{"href":"https:\/\/blog.eprivacy.eu\/index.php?rest_route=\/wp\/v2\/posts\/2155"}],"collection":[{"href":"https:\/\/blog.eprivacy.eu\/index.php?rest_route=\/wp\/v2\/posts"}],"about":[{"href":"https:\/\/blog.eprivacy.eu\/index.php?rest_route=\/wp\/v2\/types\/post"}],"author":[{"embeddable":true,"href":"https:\/\/blog.eprivacy.eu\/index.php?rest_route=\/wp\/v2\/users\/1"}],"replies":[{"embeddable":true,"href":"https:\/\/blog.eprivacy.eu\/index.php?rest_route=%2Fwp%2Fv2%2Fcomments&post=2155"}],"version-history":[{"count":1,"href":"https:\/\/blog.eprivacy.eu\/index.php?rest_route=\/wp\/v2\/posts\/2155\/revisions"}],"predecessor-version":[{"id":2156,"href":"https:\/\/blog.eprivacy.eu\/index.php?rest_route=\/wp\/v2\/posts\/2155\/revisions\/2156"}],"wp:attachment":[{"href":"https:\/\/blog.eprivacy.eu\/index.php?rest_route=%2Fwp%2Fv2%2Fmedia&parent=2155"}],"wp:term":[{"taxonomy":"category","embeddable":true,"href":"https:\/\/blog.eprivacy.eu\/index.php?rest_route=%2Fwp%2Fv2%2Fcategories&post=2155"},{"taxonomy":"post_tag","embeddable":true,"href":"https:\/\/blog.eprivacy.eu\/index.php?rest_route=%2Fwp%2Fv2%2Ftags&post=2155"}],"curies":[{"name":"wp","href":"https:\/\/api.w.org\/{rel}","templated":true}]}}