{"id":2157,"date":"2024-10-16T10:28:14","date_gmt":"2024-10-16T08:28:14","guid":{"rendered":"https:\/\/blog.eprivacy.eu\/?p=2157"},"modified":"2024-10-16T10:28:14","modified_gmt":"2024-10-16T08:28:14","slug":"sensible-daten-bei-onlinebestellung-von-arzneimitteln-keine-sperrwirkung-der-dsgvo-bei-wettbewerbsklagen","status":"publish","type":"post","link":"https:\/\/blog.eprivacy.eu\/?p=2157&lang=de","title":{"rendered":"Sensible Daten bei Onlinebestellung von Arzneimitteln \u2013 Keine Sperrwirkung der DSGVO bei Wettbewerbsklagen"},"content":{"rendered":"\n<p>Aus einer ebenfalls am 4. Oktober 2024 ergangenen Entscheidung (<a href=\"https:\/\/t5baa4d95.emailsys1a.net\/c\/107\/7836350\/4221\/0\/11200267\/329\/514459\/8f1ae9017f.html\">Rs. C- 21\/23<\/a>) ergibt sich, dass nach Ansicht des Europ\u00e4ischen Gerichtshofes bei der Onlinebestellung von apothekenpflichtigen Arzeimitteln sensible Daten im Sinne von Art. 9 DSGVO verarbeitet werden, da R\u00fcckschl\u00fcsse auf den Gesundheitszustand des Bestellers m\u00f6glich sind. Zwar sei nicht sicher, ob der Besteller das Arzneimittel f\u00fcr sich selbst bestellt, aber mit Blick auf das Schutzgut des Art. 9 DSGVO l\u00e4sst der EuGH die M\u00f6glichkeit des R\u00fcckschlusses auf den Gesundheitszustand des Bestellers ausreichen, weshalb es auch nicht darauf ankomme, ob das Arzneimittel verschreibungspflichtig sei. Der Onlineapotheker m\u00fcsse daher \u00fcber die Verarbeitung von Gesundheitsdaten informieren und eine entsprechende Einwilligung einholen. F\u00fcr den Rechtsanwender gilt k\u00fcnftig also: sobald also aus dem Vorliegen von personenbezogenen Daten R\u00fcckschl\u00fcsse auf Art. 9-Daten m\u00f6glich sind, ist Art. 9 DSGVO anzuwenden. Die praktische Wirkung der Entscheidung geht damit weit \u00fcber den Bereich der Onlineapotheken hinaus.\u00a0<br>\u00a0<br>Ferner ergibt sich aus dem Urteil, dass nicht nur betroffene Personen oder Verbraucherverb\u00e4nde, sondern auch Wettbewerber gegen Mitbewerber bei Versto\u00df gegen Datenschutzrecht klagen k\u00f6nnen. F\u00fcr Verantwortliche wird damit das (Prozess-)risiko erneut gr\u00f6\u00dfer. Datenverarbeitungsvorg\u00e4nge sollten daher vorher durch den Verantwortlichen stets eingehend \u00fcberpr\u00fcft werden.<\/p>\n","protected":false},"excerpt":{"rendered":"<p>Aus einer ebenfalls am 4. Oktober 2024 ergangenen Entscheidung (Rs. C- 21\/23) ergibt sich, dass nach Ansicht des Europ\u00e4ischen Gerichtshofes bei der<\/p>\n<p class=\"link-more\"><a class=\"myButt \" href=\"https:\/\/blog.eprivacy.eu\/?p=2157&#038;lang=de\">Read More<\/a><\/p>\n","protected":false},"author":1,"featured_media":0,"comment_status":"closed","ping_status":"open","sticky":false,"template":"","format":"standard","meta":[],"categories":[10],"tags":[],"_links":{"self":[{"href":"https:\/\/blog.eprivacy.eu\/index.php?rest_route=\/wp\/v2\/posts\/2157"}],"collection":[{"href":"https:\/\/blog.eprivacy.eu\/index.php?rest_route=\/wp\/v2\/posts"}],"about":[{"href":"https:\/\/blog.eprivacy.eu\/index.php?rest_route=\/wp\/v2\/types\/post"}],"author":[{"embeddable":true,"href":"https:\/\/blog.eprivacy.eu\/index.php?rest_route=\/wp\/v2\/users\/1"}],"replies":[{"embeddable":true,"href":"https:\/\/blog.eprivacy.eu\/index.php?rest_route=%2Fwp%2Fv2%2Fcomments&post=2157"}],"version-history":[{"count":1,"href":"https:\/\/blog.eprivacy.eu\/index.php?rest_route=\/wp\/v2\/posts\/2157\/revisions"}],"predecessor-version":[{"id":2158,"href":"https:\/\/blog.eprivacy.eu\/index.php?rest_route=\/wp\/v2\/posts\/2157\/revisions\/2158"}],"wp:attachment":[{"href":"https:\/\/blog.eprivacy.eu\/index.php?rest_route=%2Fwp%2Fv2%2Fmedia&parent=2157"}],"wp:term":[{"taxonomy":"category","embeddable":true,"href":"https:\/\/blog.eprivacy.eu\/index.php?rest_route=%2Fwp%2Fv2%2Fcategories&post=2157"},{"taxonomy":"post_tag","embeddable":true,"href":"https:\/\/blog.eprivacy.eu\/index.php?rest_route=%2Fwp%2Fv2%2Ftags&post=2157"}],"curies":[{"name":"wp","href":"https:\/\/api.w.org\/{rel}","templated":true}]}}