{"id":2195,"date":"2024-11-29T13:21:17","date_gmt":"2024-11-29T12:21:17","guid":{"rendered":"https:\/\/blog.eprivacy.eu\/?p=2195"},"modified":"2024-11-29T13:21:17","modified_gmt":"2024-11-29T12:21:17","slug":"edsa-verabschiedet-stellungnahme-zu-auftragsverarbeitern","status":"publish","type":"post","link":"https:\/\/blog.eprivacy.eu\/?p=2195&lang=de","title":{"rendered":"EDSA verabschiedet Stellungnahme zu Auftragsverarbeitern"},"content":{"rendered":"\n<p>Am 9. Oktober 2024 verabschiedete der EDSA (Europ\u00e4ischer Datenschutzausschutz) eine Stellungnahme zu Auftragsverarbeitungsverh\u00e4ltnissen und sich daraus ergebenden bestimmten Verpflichtungen der Beteiligten, insbesondere bei Vorliegen auch von Unterauftragsverh\u00e4ltnissen. Im Kern laufen die Feststellungen des EDSA darauf hinaus, dass das das durch den Verantwortlichen nach der DSGVO einzuhaltende Schutzniveau nicht durch (Ketten-) auslagerungen absinken darf. So sollte er auch die Identit\u00e4t der Unterauftragnehmer stets kennen, um die Einhaltung der DSGVO kontrollieren zu k\u00f6nnen. Die Auftraggeber wiederum sind gehalten daf\u00fcr zu sorgen, dass bei dem Unterauftragnehmer ausreichende Garantien vorliegen. Das gilt insbesondere bei Unterbeauftragung in ein Drittlland.<\/p>\n","protected":false},"excerpt":{"rendered":"<p>Am 9. Oktober 2024 verabschiedete der EDSA (Europ\u00e4ischer Datenschutzausschutz) eine Stellungnahme zu Auftragsverarbeitungsverh\u00e4ltnissen und sich daraus ergebenden bestimmten Verpflichtungen der Beteiligten, insbesondere<\/p>\n<p class=\"link-more\"><a class=\"myButt \" href=\"https:\/\/blog.eprivacy.eu\/?p=2195&#038;lang=de\">Read More<\/a><\/p>\n","protected":false},"author":1,"featured_media":0,"comment_status":"closed","ping_status":"open","sticky":false,"template":"","format":"standard","meta":[],"categories":[10],"tags":[],"_links":{"self":[{"href":"https:\/\/blog.eprivacy.eu\/index.php?rest_route=\/wp\/v2\/posts\/2195"}],"collection":[{"href":"https:\/\/blog.eprivacy.eu\/index.php?rest_route=\/wp\/v2\/posts"}],"about":[{"href":"https:\/\/blog.eprivacy.eu\/index.php?rest_route=\/wp\/v2\/types\/post"}],"author":[{"embeddable":true,"href":"https:\/\/blog.eprivacy.eu\/index.php?rest_route=\/wp\/v2\/users\/1"}],"replies":[{"embeddable":true,"href":"https:\/\/blog.eprivacy.eu\/index.php?rest_route=%2Fwp%2Fv2%2Fcomments&post=2195"}],"version-history":[{"count":2,"href":"https:\/\/blog.eprivacy.eu\/index.php?rest_route=\/wp\/v2\/posts\/2195\/revisions"}],"predecessor-version":[{"id":2197,"href":"https:\/\/blog.eprivacy.eu\/index.php?rest_route=\/wp\/v2\/posts\/2195\/revisions\/2197"}],"wp:attachment":[{"href":"https:\/\/blog.eprivacy.eu\/index.php?rest_route=%2Fwp%2Fv2%2Fmedia&parent=2195"}],"wp:term":[{"taxonomy":"category","embeddable":true,"href":"https:\/\/blog.eprivacy.eu\/index.php?rest_route=%2Fwp%2Fv2%2Fcategories&post=2195"},{"taxonomy":"post_tag","embeddable":true,"href":"https:\/\/blog.eprivacy.eu\/index.php?rest_route=%2Fwp%2Fv2%2Ftags&post=2195"}],"curies":[{"name":"wp","href":"https:\/\/api.w.org\/{rel}","templated":true}]}}