{"id":2263,"date":"2025-03-24T11:12:38","date_gmt":"2025-03-24T10:12:38","guid":{"rendered":"https:\/\/blog.eprivacy.eu\/?p=2263"},"modified":"2025-03-24T11:12:38","modified_gmt":"2025-03-24T10:12:38","slug":"europaweite-aktion-zum-recht-auf-loeschung","status":"publish","type":"post","link":"https:\/\/blog.eprivacy.eu\/?p=2263&lang=de","title":{"rendered":"Europaweite Aktion zum \u201eRecht auf L\u00f6schung\u201c"},"content":{"rendered":"\n<p>Das Recht auf L\u00f6schung (Art. 17 DSGVO), auch als \u201eRecht auf Vergessenwerden\u201c bekannt, ist eines der am h\u00e4ufigsten ausge\u00fcbten Betroffenenrechte \u2013 und f\u00fchrt bedauerlicherweise regelm\u00e4\u00dfig zu Beschwerden bei den Datenschutzbeh\u00f6rden. Um die praktische Umsetzung dieses Rechts zu untersuchen und wie etwa Unternehmen mit L\u00f6schanfragen umgehen, hat der Europ\u00e4ische Datenschutzausschuss (EDSA) daher nun eine europaweite koordinierte Durchsetzungsma\u00dfnahme,\u00a0\u201eCoordinated Enforcement Framework\u201c (CEF), f\u00fcr das Jahr 2025\u00a0gestartet. Insgesamt nehmen 32 europ\u00e4ische Datenschutzaufsichtsbeh\u00f6rden, darunter mehrere aus Deutschland, daran teil.<br>\u00a0<br>Dazu analysieren die Beh\u00f6rden die eingesetzten Verfahren und vergleichen sie anhand eines europaweit abgestimmten Fragebogens. So sollen Herausforderungen identifiziert, Best Practices ermittelt und Verbesserungen vorgeschlagen werden. F\u00fcr Unternehmen mit umfangreichen Datenbest\u00e4nden und komplexen IT-Strukturen kann die datenschutzkonforme L\u00f6schung eine echte Herausforderung sein. Wie k\u00f6nnen Daten klassifiziert werden und wie stellt man sicher, dass Daten wirksam und dauerhaft gel\u00f6scht sind? Wie geht man mit Sicherungskopien um? Welche gesetzlichen Aufbewahrungsfristen sind zu ber\u00fccksichtigen und zu welchem Zeitpunkt m\u00fcssen welche Daten gel\u00f6scht werden?\u00a0Erst k\u00fcrzlich haben wir in unserem\u00a0Blog\u00a0auf die Herabsetzung der handels- und steuerrechtlichen Aufbewahrungsfrist f\u00fcr Buchungsbelege von zehn auf acht Jahre hingewiesen.<br>\u00a0<br>Nach Abschluss der Pr\u00fcfaktion sollen die gesammelten Erkenntnisse im Rahmen eines Berichts ver\u00f6ffentlicht werden. Die Ergebnisse k\u00f6nnten dazu f\u00fchren, dass Datenschutzbeh\u00f6rden entsprechende Ma\u00dfnahmen ergreifen oder Handlungsempfehlungen f\u00fcr L\u00f6schverfahren aussprechen, um sicherzustellen, dass das \u201eRecht auf Vergessen\u201c nicht nur auf dem Papier, sondern auch in der Praxis existiert.<br>\u00a0<br>Ihnen als Verantwortliche empfehlen wir die praktische Umsetzung Ihres L\u00f6schkonzeptes sicherzustellen und gerne unterst\u00fctzen wir Sie dabei, dieses aufzusetzen. Denn eine l\u00fcckenhafte Umsetzung des Rechts auf L\u00f6schung k\u00f6nnte bald nicht nur ein Datenschutzproblem, sondern auch ein Compliance-Risiko werden.<\/p>\n","protected":false},"excerpt":{"rendered":"<p>Das Recht auf L\u00f6schung (Art. 17 DSGVO), auch als \u201eRecht auf Vergessenwerden\u201c bekannt, ist eines der am h\u00e4ufigsten ausge\u00fcbten Betroffenenrechte \u2013 und<\/p>\n<p class=\"link-more\"><a class=\"myButt \" href=\"https:\/\/blog.eprivacy.eu\/?p=2263&#038;lang=de\">Read More<\/a><\/p>\n","protected":false},"author":1,"featured_media":0,"comment_status":"closed","ping_status":"open","sticky":false,"template":"","format":"standard","meta":[],"categories":[10],"tags":[],"_links":{"self":[{"href":"https:\/\/blog.eprivacy.eu\/index.php?rest_route=\/wp\/v2\/posts\/2263"}],"collection":[{"href":"https:\/\/blog.eprivacy.eu\/index.php?rest_route=\/wp\/v2\/posts"}],"about":[{"href":"https:\/\/blog.eprivacy.eu\/index.php?rest_route=\/wp\/v2\/types\/post"}],"author":[{"embeddable":true,"href":"https:\/\/blog.eprivacy.eu\/index.php?rest_route=\/wp\/v2\/users\/1"}],"replies":[{"embeddable":true,"href":"https:\/\/blog.eprivacy.eu\/index.php?rest_route=%2Fwp%2Fv2%2Fcomments&post=2263"}],"version-history":[{"count":1,"href":"https:\/\/blog.eprivacy.eu\/index.php?rest_route=\/wp\/v2\/posts\/2263\/revisions"}],"predecessor-version":[{"id":2264,"href":"https:\/\/blog.eprivacy.eu\/index.php?rest_route=\/wp\/v2\/posts\/2263\/revisions\/2264"}],"wp:attachment":[{"href":"https:\/\/blog.eprivacy.eu\/index.php?rest_route=%2Fwp%2Fv2%2Fmedia&parent=2263"}],"wp:term":[{"taxonomy":"category","embeddable":true,"href":"https:\/\/blog.eprivacy.eu\/index.php?rest_route=%2Fwp%2Fv2%2Fcategories&post=2263"},{"taxonomy":"post_tag","embeddable":true,"href":"https:\/\/blog.eprivacy.eu\/index.php?rest_route=%2Fwp%2Fv2%2Ftags&post=2263"}],"curies":[{"name":"wp","href":"https:\/\/api.w.org\/{rel}","templated":true}]}}