{"id":2285,"date":"2025-03-26T07:49:11","date_gmt":"2025-03-26T06:49:11","guid":{"rendered":"https:\/\/blog.eprivacy.eu\/?p=2285"},"modified":"2025-04-10T15:39:34","modified_gmt":"2025-04-10T13:39:34","slug":"webinar-nis-2-cybersecurity","status":"publish","type":"post","link":"https:\/\/blog.eprivacy.eu\/?p=2285&lang=de","title":{"rendered":"Webinar: NIS-2 \/ Cybersecurity"},"content":{"rendered":"\n<p><br>Cybersicherheit wird Chefsache.&nbsp;<\/p>\n\n\n\n<p>Mit der neuen EU-Richtlinie NIS-2 wird IT-Sicherheit in zahlreichen Unternehmen und Institutionen zur gesetzlichen Pflicht. Mit versch\u00e4rften Meldepflichten und teuren Sanktionen.<\/p>\n\n\n\n<p>Doch viele Fragen sind offen:<\/p>\n\n\n\n<ul><li>Gilt NIS-2 auch f\u00fcr mein Unternehmen?<\/li><\/ul>\n\n\n\n<ul><li>Was genau verlangt die Richtlinie von IT, Datenschutz und Gesch\u00e4ftsleitung?<\/li><\/ul>\n\n\n\n<ul><li>Wie bereiten wir uns sinnvoll vor?<\/li><\/ul>\n\n\n\n<p>In unserem kompakten Webinar f\u00fcr IT-Koordinatoren, Datenschutzverantwortliche und Entscheider geben wir einen strukturierten \u00dcberblick zum aktuellen Stand von NIS-2 in Deutschland, zeigen zentrale Handlungsfelder und geben Empfehlungen f\u00fcr die praktische Umsetzung.<\/p>\n\n\n\n<p>Warum teilnehmen?<\/p>\n\n\n\n<p>Es geht um Organisationssicherheit, Verantwortung und Compliance. Wer fr\u00fchzeitig reagiert, kann Risiken minimieren, Bu\u00dfgelder vermeiden und seine digitale Resilienz nachhaltig st\u00e4rken.<\/p>\n\n\n\n<p><strong>Wann:<\/strong>&nbsp;Donnerstag, 17. April 2025, 14:00-15:00 Uhr&nbsp;<\/p>\n\n\n\n<p><strong>Anmeldung:<\/strong> <a href=\"https:\/\/events.teams.microsoft.com\/event\/beb57262-c7df-46e0-a19c-142a4b4d9554@ef9db3d4-9134-416e-aace-116d440d493a\">Microsoft Teams<\/a><\/p>\n\n\n\n<p><strong>Redner<\/strong>: Kurt Laabs, CIO ePrivacy + Milena Hippler, ePivacy<\/p>\n\n\n\n<p><\/p>\n\n\n\n<p><\/p>\n","protected":false},"excerpt":{"rendered":"<p>Cybersicherheit wird Chefsache.&nbsp; Mit der neuen EU-Richtlinie NIS-2 wird IT-Sicherheit in zahlreichen Unternehmen und Institutionen zur gesetzlichen Pflicht. Mit versch\u00e4rften Meldepflichten und<\/p>\n<p class=\"link-more\"><a class=\"myButt \" href=\"https:\/\/blog.eprivacy.eu\/?p=2285&#038;lang=de\">Read More<\/a><\/p>\n","protected":false},"author":1,"featured_media":2300,"comment_status":"closed","ping_status":"open","sticky":false,"template":"","format":"standard","meta":[],"categories":[29],"tags":[],"_links":{"self":[{"href":"https:\/\/blog.eprivacy.eu\/index.php?rest_route=\/wp\/v2\/posts\/2285"}],"collection":[{"href":"https:\/\/blog.eprivacy.eu\/index.php?rest_route=\/wp\/v2\/posts"}],"about":[{"href":"https:\/\/blog.eprivacy.eu\/index.php?rest_route=\/wp\/v2\/types\/post"}],"author":[{"embeddable":true,"href":"https:\/\/blog.eprivacy.eu\/index.php?rest_route=\/wp\/v2\/users\/1"}],"replies":[{"embeddable":true,"href":"https:\/\/blog.eprivacy.eu\/index.php?rest_route=%2Fwp%2Fv2%2Fcomments&post=2285"}],"version-history":[{"count":5,"href":"https:\/\/blog.eprivacy.eu\/index.php?rest_route=\/wp\/v2\/posts\/2285\/revisions"}],"predecessor-version":[{"id":2301,"href":"https:\/\/blog.eprivacy.eu\/index.php?rest_route=\/wp\/v2\/posts\/2285\/revisions\/2301"}],"wp:featuredmedia":[{"embeddable":true,"href":"https:\/\/blog.eprivacy.eu\/index.php?rest_route=\/wp\/v2\/media\/2300"}],"wp:attachment":[{"href":"https:\/\/blog.eprivacy.eu\/index.php?rest_route=%2Fwp%2Fv2%2Fmedia&parent=2285"}],"wp:term":[{"taxonomy":"category","embeddable":true,"href":"https:\/\/blog.eprivacy.eu\/index.php?rest_route=%2Fwp%2Fv2%2Fcategories&post=2285"},{"taxonomy":"post_tag","embeddable":true,"href":"https:\/\/blog.eprivacy.eu\/index.php?rest_route=%2Fwp%2Fv2%2Ftags&post=2285"}],"curies":[{"name":"wp","href":"https:\/\/api.w.org\/{rel}","templated":true}]}}