{"id":2438,"date":"2025-07-25T16:46:17","date_gmt":"2025-07-25T14:46:17","guid":{"rendered":"https:\/\/blog.eprivacy.eu\/?p=2438"},"modified":"2025-07-25T16:46:17","modified_gmt":"2025-07-25T14:46:17","slug":"eu-kommission-zur-ki-verordnung-faq-konkretisieren-anforderungen-an-erforderliche-ki-kompetenz-in-unternehmen","status":"publish","type":"post","link":"https:\/\/blog.eprivacy.eu\/?p=2438&lang=de","title":{"rendered":"EU-Kommission zur KI-Verordnung: FAQ konkretisieren Anforderungen an erforderliche \u201eKI-Kompetenz\u201c in Unternehmen"},"content":{"rendered":"\n<p>Die EU-Kommission hat am 12. Mai 2025 mit\u00a0einem\u00a0<a href=\"#faqki\">Fragen-Antworten-Katalog (FAQ)<\/a>\u00a0einen Beitrag zur praktischen Umsetzung von Art. 4 der KI-Verordnung (Verordnung 2024\/1689) geleistet. Diese gesetzliche Vorschrift, die bereits seit dem 2. Februar 2025 gilt, verpflichtet\u00a0Unternehmen, die KI-Systeme einsetzen, f\u00fcr ein ausreichendes Ma\u00df an \u201eKI-Kompetenz\u201c bei ihren Mitarbeitenden zu sorgen.<br>\u00a0<br>Nach der KI-Verordnung gilt jedes Unternehmen, das ein KI-System im Rahmen seiner beruflichen T\u00e4tigkeit nutzt, als \u201eBetreiber\u201c und unterliegt somit\u00a0den Pflichten aus Art. 4 KI-VO. Die Kommission empfiehlt einen risikobasierten und differenzierten Ansatz: Der Umfang von Schulungen zur KI-Kompetenz solle sich etwa an der Rolle der Mitarbeitenden und dem Risiko des eingesetzten Systems orientieren. Als Mindestinhalt\u00a0werden etwa genannt: ein Grundverst\u00e4ndnis der KI-Funktionsweise, die Einordnung der Risiken und die Kl\u00e4rung der eigenen Rolle. Hinsichtlich der Risiken sollten Nutzer von KI-Systemen etwa \u00fcber die Tendenz von Tools wie ChatGPT aufgekl\u00e4rt werden, in den Antworten\u00a0zu halluzinieren, also fehlerhafte Angaben zu machen.<br>\u00a0<br>Bedeutung f\u00fcr Unternehmen:\u00a0Von der KI-Verordnung betroffene Unternehmen\u00a0sollten sich, falls noch nicht geschehen, mit den Anforderungen an die KI-Kompetenz nach Art. 4 KI-VO vertraut machen und ein entsprechendes Konzept erarbeiten und umsetzen. Zu beachten ist, dass die nationalen Markt\u00fcberwachungsbeh\u00f6rden ab 2. August 2026 ihre Aufsichtst\u00e4tigkeit aufnehmen werden.\u00a0ePrivacy bietet in diesem Zusammenhang eine Grundschulung inkl. Zertifikat f\u00fcr Unternehmen zum Nachweis der KI-Kompetenz an.<br>\u00a0<br>Weiterhin unklar ist jedoch, welche konkreten Sanktionen bei Verst\u00f6\u00dfen gegen Art. 4 KI-VO k\u00fcnftig drohen k\u00f6nnten: Weder wird im Bu\u00dfgeldkatalog der\u00a0KI-Verordnung an die KI-Kompetenz-Norm angekn\u00fcpft noch gibt es bisher ein sanktionsregelndes deutsches Gesetz<br>\u00a0<br>(Dr. Lukas Mezger, UNVERZAGT Rechtsanw\u00e4lte)<\/p>\n","protected":false},"excerpt":{"rendered":"<p>Die EU-Kommission hat am 12. Mai 2025 mit\u00a0einem\u00a0Fragen-Antworten-Katalog (FAQ)\u00a0einen Beitrag zur praktischen Umsetzung von Art. 4 der KI-Verordnung (Verordnung 2024\/1689) geleistet. Diese<\/p>\n<p class=\"link-more\"><a class=\"myButt \" href=\"https:\/\/blog.eprivacy.eu\/?p=2438&#038;lang=de\">Read More<\/a><\/p>\n","protected":false},"author":1,"featured_media":0,"comment_status":"closed","ping_status":"open","sticky":false,"template":"","format":"standard","meta":[],"categories":[10],"tags":[],"_links":{"self":[{"href":"https:\/\/blog.eprivacy.eu\/index.php?rest_route=\/wp\/v2\/posts\/2438"}],"collection":[{"href":"https:\/\/blog.eprivacy.eu\/index.php?rest_route=\/wp\/v2\/posts"}],"about":[{"href":"https:\/\/blog.eprivacy.eu\/index.php?rest_route=\/wp\/v2\/types\/post"}],"author":[{"embeddable":true,"href":"https:\/\/blog.eprivacy.eu\/index.php?rest_route=\/wp\/v2\/users\/1"}],"replies":[{"embeddable":true,"href":"https:\/\/blog.eprivacy.eu\/index.php?rest_route=%2Fwp%2Fv2%2Fcomments&post=2438"}],"version-history":[{"count":1,"href":"https:\/\/blog.eprivacy.eu\/index.php?rest_route=\/wp\/v2\/posts\/2438\/revisions"}],"predecessor-version":[{"id":2439,"href":"https:\/\/blog.eprivacy.eu\/index.php?rest_route=\/wp\/v2\/posts\/2438\/revisions\/2439"}],"wp:attachment":[{"href":"https:\/\/blog.eprivacy.eu\/index.php?rest_route=%2Fwp%2Fv2%2Fmedia&parent=2438"}],"wp:term":[{"taxonomy":"category","embeddable":true,"href":"https:\/\/blog.eprivacy.eu\/index.php?rest_route=%2Fwp%2Fv2%2Fcategories&post=2438"},{"taxonomy":"post_tag","embeddable":true,"href":"https:\/\/blog.eprivacy.eu\/index.php?rest_route=%2Fwp%2Fv2%2Ftags&post=2438"}],"curies":[{"name":"wp","href":"https:\/\/api.w.org\/{rel}","templated":true}]}}