{"id":2471,"date":"2025-08-14T15:46:48","date_gmt":"2025-08-14T13:46:48","guid":{"rendered":"https:\/\/blog.eprivacy.eu\/?p=2471"},"modified":"2025-08-14T15:46:48","modified_gmt":"2025-08-14T13:46:48","slug":"europaeische-os-plattform-wird-abgeschaltet-informationspflichten-fuer-unternehmen-aendern","status":"publish","type":"post","link":"https:\/\/blog.eprivacy.eu\/?p=2471&lang=de","title":{"rendered":"Europ\u00e4ische OS-Plattform wird abgeschaltet: Informationspflichten f\u00fcr Unternehmen \u00e4ndern"},"content":{"rendered":"\n<p>Die Europ\u00e4ische Plattform f\u00fcr Online-Streitbeilegung (OS-Plattform) wurde am 20. Juli 2025 abgeschaltet. Die Plattform diente als zentrale Anlaufstelle f\u00fcr die au\u00dfergerichtliche Beilegung von Streitigkeiten aus Online-Kauf- und Dienstleistungsvertr\u00e4gen. Bisher waren Unternehmer durch eine EU-Verordnung verpflichtet, auf ihren Webseiten einen \u201ef\u00fcr Verbraucher leicht zug\u00e4nglichen Link\u201c zur OS-Plattform bereitzustellen.<br><br>Aufgrund der sehr geringen praktischen Nutzung hat die EU die Einstellung der Plattform beschlossen und hebt die zugrundeliegende Verordnung auf. Damit entf\u00e4llt auch die Pflicht zur Verlinkung auf Websites. Unternehmen m\u00fcssen beachten, dass ein Verweis auf die nicht mehr existierende Plattform nun als irref\u00fchrend f\u00fcr die Verbraucher angesehen werden und schlimmstenfalls zu Abmahnungen f\u00fchren k\u00f6nnte.<br><br>Bedeutung f\u00fcr&nbsp;Unternehmen: F\u00fcr Unternehmen entf\u00e4llt die Pflicht, auf die OS-Plattform (z.B. im Impressum, den AGB) hinzuweisen. Es ist entscheidend, dass alle Verweise und Links (z.B. im Impressum, den AGB) auf die OS-Plattform entfernt werden, um Abmahnrisiken zu vermeiden. Unber\u00fchrt von dieser \u00c4nderung bleibt die allgemeine Informationspflicht nach \u00a7 36 VSBG. Unternehmen, die eine Webseite betreiben oder AGBs verwenden, m\u00fcssen also weiterhin dar\u00fcber informieren, ob sie bereit oder verpflichtet sind, \u00fcberhaupt an einem Streitbeilegungsverfahren vor (irgend)einer Verbraucherschlichtungsstelle teilzunehmen.<\/p>\n\n\n\n<p>(Dr. Lukas Mezger, UNVERZAGT Rechtsanw\u00e4lte)<\/p>\n","protected":false},"excerpt":{"rendered":"<p>Die Europ\u00e4ische Plattform f\u00fcr Online-Streitbeilegung (OS-Plattform) wurde am 20. Juli 2025 abgeschaltet. Die Plattform diente als zentrale Anlaufstelle f\u00fcr die au\u00dfergerichtliche Beilegung<\/p>\n<p class=\"link-more\"><a class=\"myButt \" href=\"https:\/\/blog.eprivacy.eu\/?p=2471&#038;lang=de\">Read More<\/a><\/p>\n","protected":false},"author":1,"featured_media":0,"comment_status":"closed","ping_status":"open","sticky":false,"template":"","format":"standard","meta":[],"categories":[10],"tags":[],"_links":{"self":[{"href":"https:\/\/blog.eprivacy.eu\/index.php?rest_route=\/wp\/v2\/posts\/2471"}],"collection":[{"href":"https:\/\/blog.eprivacy.eu\/index.php?rest_route=\/wp\/v2\/posts"}],"about":[{"href":"https:\/\/blog.eprivacy.eu\/index.php?rest_route=\/wp\/v2\/types\/post"}],"author":[{"embeddable":true,"href":"https:\/\/blog.eprivacy.eu\/index.php?rest_route=\/wp\/v2\/users\/1"}],"replies":[{"embeddable":true,"href":"https:\/\/blog.eprivacy.eu\/index.php?rest_route=%2Fwp%2Fv2%2Fcomments&post=2471"}],"version-history":[{"count":1,"href":"https:\/\/blog.eprivacy.eu\/index.php?rest_route=\/wp\/v2\/posts\/2471\/revisions"}],"predecessor-version":[{"id":2472,"href":"https:\/\/blog.eprivacy.eu\/index.php?rest_route=\/wp\/v2\/posts\/2471\/revisions\/2472"}],"wp:attachment":[{"href":"https:\/\/blog.eprivacy.eu\/index.php?rest_route=%2Fwp%2Fv2%2Fmedia&parent=2471"}],"wp:term":[{"taxonomy":"category","embeddable":true,"href":"https:\/\/blog.eprivacy.eu\/index.php?rest_route=%2Fwp%2Fv2%2Fcategories&post=2471"},{"taxonomy":"post_tag","embeddable":true,"href":"https:\/\/blog.eprivacy.eu\/index.php?rest_route=%2Fwp%2Fv2%2Ftags&post=2471"}],"curies":[{"name":"wp","href":"https:\/\/api.w.org\/{rel}","templated":true}]}}