{"id":2473,"date":"2025-08-14T15:47:13","date_gmt":"2025-08-14T13:47:13","guid":{"rendered":"https:\/\/blog.eprivacy.eu\/?p=2473"},"modified":"2025-08-14T15:47:14","modified_gmt":"2025-08-14T13:47:14","slug":"dsgvo-vereinfachung-edsa-und-edsb-unterstuetzen-entlastung-des-mittelstands","status":"publish","type":"post","link":"https:\/\/blog.eprivacy.eu\/?p=2473&lang=de","title":{"rendered":"DSGVO-Vereinfachung: EDSA und EDSB unterst\u00fctzen Entlastung des Mittelstands"},"content":{"rendered":"\n<p>Die EU-Kommission hat einen Vorschlag zur \u00c4nderung der Datenschutzgrundverordnung unterbreitet, um insbesondere kleine und mittlere Unternehmen (KMU) zu entlasten. In einer gemeinsamen Stellungnahme vom 09.07.2025 unterst\u00fctzen der Europ\u00e4ische Datenschutzausschuss (EDSA) und der Europ\u00e4ische Datenschutzbeauftragte (EDSB) diesen Vorschlag. Kern des Vorschlags ist die Anpassung der Rechenschaftspflicht nach Art. 30 DSGVO. K\u00fcnftig sollen Unternehmen mit weniger als 750 Mitarbeitenden von der Pflicht zur F\u00fchrung eines Verzeichnisses von Verarbeitungst\u00e4tigkeiten befreit werden, sofern keine sensiblen personenbezogene Daten verwertet oder die Verarbeitung kein \u201ehohes Risiko\u201c f\u00fcr die Rechte der Betroffenen darstellt. Bisher lag die Schwelle bei 250 Mitarbeitenden.&nbsp;<br><br>Obwohl EDSA und EDSB die Initiative als Ma\u00dfnahme zur Reduzierung b\u00fcrokratischer Lasten grunds\u00e4tzlich unterst\u00fctzen, fordern sie zugleich pr\u00e4zisere Regelungen. Kritisiert wird unter anderem, dass der neue Schwellenwert von 750 Besch\u00e4ftigten nicht ausreichend begr\u00fcndet ist. Es wird betont, dass die Grundrechte der betroffenen Personen durch die Reform nicht geschw\u00e4cht werden d\u00fcrfen und zentrale DSGVO-Verpflichtungen unber\u00fchrt bleiben m\u00fcssen.<br><br>Bedeutung f\u00fcr&nbsp;Unternehmen:&nbsp;Die geplante Ver\u00e4nderung k\u00f6nnte KMUs entlasten, indem der Dokumentationsaufwand verringert wird. Eine Dokumentationspflicht bleibt aber bestehen, wenn sensible personenbezogene Daten verarbeitet werden oder die Verarbeitung ein hohes Risiko f\u00fcr die Betroffenen birgt. Eine Pr\u00fcfung der konkreten Verarbeitungst\u00e4tigkeit sowie eine sorgf\u00e4ltige Ausarbeitung des Risikoniveaus sind daher in jedem Fall erforderlich. Es ist zudem wichtig, die weitere Entwicklung des Gesetzgebungsverfahrens aufmerksam zu verfolgen, um fr\u00fchzeitig absch\u00e4tzen zu k\u00f6nnen, welche konkreten Vereinfachungen oder \u00c4nderungen sich f\u00fcr die Datenschutzorganisationen ergeben.<\/p>\n\n\n\n<p>(Dr. Lukas Mezger, UNVERZAGT Rechtsanw\u00e4lte)<\/p>\n","protected":false},"excerpt":{"rendered":"<p>Die EU-Kommission hat einen Vorschlag zur \u00c4nderung der Datenschutzgrundverordnung unterbreitet, um insbesondere kleine und mittlere Unternehmen (KMU) zu entlasten. In einer gemeinsamen<\/p>\n<p class=\"link-more\"><a class=\"myButt \" href=\"https:\/\/blog.eprivacy.eu\/?p=2473&#038;lang=de\">Read More<\/a><\/p>\n","protected":false},"author":1,"featured_media":0,"comment_status":"closed","ping_status":"open","sticky":false,"template":"","format":"standard","meta":[],"categories":[10],"tags":[],"_links":{"self":[{"href":"https:\/\/blog.eprivacy.eu\/index.php?rest_route=\/wp\/v2\/posts\/2473"}],"collection":[{"href":"https:\/\/blog.eprivacy.eu\/index.php?rest_route=\/wp\/v2\/posts"}],"about":[{"href":"https:\/\/blog.eprivacy.eu\/index.php?rest_route=\/wp\/v2\/types\/post"}],"author":[{"embeddable":true,"href":"https:\/\/blog.eprivacy.eu\/index.php?rest_route=\/wp\/v2\/users\/1"}],"replies":[{"embeddable":true,"href":"https:\/\/blog.eprivacy.eu\/index.php?rest_route=%2Fwp%2Fv2%2Fcomments&post=2473"}],"version-history":[{"count":1,"href":"https:\/\/blog.eprivacy.eu\/index.php?rest_route=\/wp\/v2\/posts\/2473\/revisions"}],"predecessor-version":[{"id":2474,"href":"https:\/\/blog.eprivacy.eu\/index.php?rest_route=\/wp\/v2\/posts\/2473\/revisions\/2474"}],"wp:attachment":[{"href":"https:\/\/blog.eprivacy.eu\/index.php?rest_route=%2Fwp%2Fv2%2Fmedia&parent=2473"}],"wp:term":[{"taxonomy":"category","embeddable":true,"href":"https:\/\/blog.eprivacy.eu\/index.php?rest_route=%2Fwp%2Fv2%2Fcategories&post=2473"},{"taxonomy":"post_tag","embeddable":true,"href":"https:\/\/blog.eprivacy.eu\/index.php?rest_route=%2Fwp%2Fv2%2Ftags&post=2473"}],"curies":[{"name":"wp","href":"https:\/\/api.w.org\/{rel}","templated":true}]}}