{"id":374,"date":"2020-08-24T15:07:00","date_gmt":"2020-08-24T13:07:00","guid":{"rendered":"http:\/\/blog.eprivacy.eu\/?p=374"},"modified":"2020-12-07T15:07:41","modified_gmt":"2020-12-07T14:07:41","slug":"joint-controller-agreements-mit-facebook","status":"publish","type":"post","link":"https:\/\/blog.eprivacy.eu\/?p=374&lang=de","title":{"rendered":"Joint Controller Agreements mit Facebook"},"content":{"rendered":"\n<p>Nun \u00e4ndert Facebook seine AGB und es wird zuk\u00fcnftig zus\u00e4tzlich ein&nbsp;<a href=\"https:\/\/www.facebook.com\/legal\/controller_addendum\" target=\"_blank\" rel=\"noreferrer noopener\">separates Joint Controller Agreement<\/a>&nbsp;geben, das f\u00fcr die folgenden Dienste gilt:<\/p>\n\n\n\n<ul><li>Facebook Social Plugins (u.a. \u201cgef\u00e4llt mir\u201d-Button)<\/li><li>Facebook Pixel<\/li><li>Facebook App Event SDK<\/li><li>Facebook-Login<\/li><\/ul>\n\n\n\n<p>Diese Umstellung erfolgt zum 31. August.<\/p>\n\n\n\n<p>Wenn Sie einen der obigen Dienste nutzen und Unterst\u00fctzung bei der Erstellung der entsprechenden Textbausteine f\u00fcr Ihre Datenschutzerkl\u00e4rung ben\u00f6tigen, so stehen Ihnen unsere Datenschutzexperten hierf\u00fcr ab sofort zur Verf\u00fcgung.<\/p>\n\n\n\n<p>Melden Sie sich gerne bei uns!<\/p>\n","protected":false},"excerpt":{"rendered":"<p>Nun \u00e4ndert Facebook seine AGB und es wird zuk\u00fcnftig zus\u00e4tzlich ein&nbsp;separates Joint Controller Agreement&nbsp;geben, das f\u00fcr die folgenden Dienste gilt: Facebook Social<\/p>\n<p class=\"link-more\"><a class=\"myButt \" href=\"https:\/\/blog.eprivacy.eu\/?p=374&#038;lang=de\">Read More<\/a><\/p>\n","protected":false},"author":1,"featured_media":0,"comment_status":"closed","ping_status":"open","sticky":false,"template":"","format":"standard","meta":[],"categories":[10],"tags":[],"_links":{"self":[{"href":"https:\/\/blog.eprivacy.eu\/index.php?rest_route=\/wp\/v2\/posts\/374"}],"collection":[{"href":"https:\/\/blog.eprivacy.eu\/index.php?rest_route=\/wp\/v2\/posts"}],"about":[{"href":"https:\/\/blog.eprivacy.eu\/index.php?rest_route=\/wp\/v2\/types\/post"}],"author":[{"embeddable":true,"href":"https:\/\/blog.eprivacy.eu\/index.php?rest_route=\/wp\/v2\/users\/1"}],"replies":[{"embeddable":true,"href":"https:\/\/blog.eprivacy.eu\/index.php?rest_route=%2Fwp%2Fv2%2Fcomments&post=374"}],"version-history":[{"count":1,"href":"https:\/\/blog.eprivacy.eu\/index.php?rest_route=\/wp\/v2\/posts\/374\/revisions"}],"predecessor-version":[{"id":375,"href":"https:\/\/blog.eprivacy.eu\/index.php?rest_route=\/wp\/v2\/posts\/374\/revisions\/375"}],"wp:attachment":[{"href":"https:\/\/blog.eprivacy.eu\/index.php?rest_route=%2Fwp%2Fv2%2Fmedia&parent=374"}],"wp:term":[{"taxonomy":"category","embeddable":true,"href":"https:\/\/blog.eprivacy.eu\/index.php?rest_route=%2Fwp%2Fv2%2Fcategories&post=374"},{"taxonomy":"post_tag","embeddable":true,"href":"https:\/\/blog.eprivacy.eu\/index.php?rest_route=%2Fwp%2Fv2%2Ftags&post=374"}],"curies":[{"name":"wp","href":"https:\/\/api.w.org\/{rel}","templated":true}]}}