{"id":460,"date":"2019-10-07T21:28:00","date_gmt":"2019-10-07T19:28:00","guid":{"rendered":"http:\/\/blog.eprivacy.eu\/?p=460"},"modified":"2020-12-08T21:29:11","modified_gmt":"2020-12-08T20:29:11","slug":"bussgeldverfahren-des-baylda-gegen-einsatz-von-webseitentracking","status":"publish","type":"post","link":"https:\/\/blog.eprivacy.eu\/?p=460&lang=de","title":{"rendered":"Bu\u00dfgeldverfahren des BayLDA gegen Einsatz von Webseitentracking?"},"content":{"rendered":"\n<p>Das BayLDA plant anscheinend ein&nbsp;Bu\u00dfgeldverfahren gegen&nbsp;die Nutzung von Webseitentracking und \u00e4hnlichen Technologien auf Basis des berechtigten Interesses.&nbsp;Nach der Ansicht der bayrischen Datenschutzbeh\u00f6rde d\u00fcrfen diese Tools in bestimmten F\u00e4llen nicht auf Rechtsgrundlage des Art. 6 Abs. 1 lit f DSGVO (berechtigte Interessen) eingesetzt werden.<\/p>\n\n\n\n<p><strong>M\u00f6gliche Begr\u00fcndungen f\u00fcr Nicht-Konformit\u00e4t:<\/strong><\/p>\n\n\n\n<ul><li>Verantwortliche der Datenverarbeitung k\u00f6nnen nur dann eine l\u00fcckenlose Interessensabw\u00e4gung vornehmen, wenn die konkreten Umst\u00e4nde der Datenverarbeitung bekannt sind.<\/li><li>Die Daten d\u00fcrfen nicht f\u00fcr weitere Zwecke als das Webseitentracking verwendet werden.<\/li><\/ul>\n","protected":false},"excerpt":{"rendered":"<p>Das BayLDA plant anscheinend ein&nbsp;Bu\u00dfgeldverfahren gegen&nbsp;die Nutzung von Webseitentracking und \u00e4hnlichen Technologien auf Basis des berechtigten Interesses.&nbsp;Nach der Ansicht der bayrischen Datenschutzbeh\u00f6rde<\/p>\n<p class=\"link-more\"><a class=\"myButt \" href=\"https:\/\/blog.eprivacy.eu\/?p=460&#038;lang=de\">Read More<\/a><\/p>\n","protected":false},"author":1,"featured_media":0,"comment_status":"closed","ping_status":"open","sticky":false,"template":"","format":"standard","meta":[],"categories":[10],"tags":[],"_links":{"self":[{"href":"https:\/\/blog.eprivacy.eu\/index.php?rest_route=\/wp\/v2\/posts\/460"}],"collection":[{"href":"https:\/\/blog.eprivacy.eu\/index.php?rest_route=\/wp\/v2\/posts"}],"about":[{"href":"https:\/\/blog.eprivacy.eu\/index.php?rest_route=\/wp\/v2\/types\/post"}],"author":[{"embeddable":true,"href":"https:\/\/blog.eprivacy.eu\/index.php?rest_route=\/wp\/v2\/users\/1"}],"replies":[{"embeddable":true,"href":"https:\/\/blog.eprivacy.eu\/index.php?rest_route=%2Fwp%2Fv2%2Fcomments&post=460"}],"version-history":[{"count":1,"href":"https:\/\/blog.eprivacy.eu\/index.php?rest_route=\/wp\/v2\/posts\/460\/revisions"}],"predecessor-version":[{"id":461,"href":"https:\/\/blog.eprivacy.eu\/index.php?rest_route=\/wp\/v2\/posts\/460\/revisions\/461"}],"wp:attachment":[{"href":"https:\/\/blog.eprivacy.eu\/index.php?rest_route=%2Fwp%2Fv2%2Fmedia&parent=460"}],"wp:term":[{"taxonomy":"category","embeddable":true,"href":"https:\/\/blog.eprivacy.eu\/index.php?rest_route=%2Fwp%2Fv2%2Fcategories&post=460"},{"taxonomy":"post_tag","embeddable":true,"href":"https:\/\/blog.eprivacy.eu\/index.php?rest_route=%2Fwp%2Fv2%2Ftags&post=460"}],"curies":[{"name":"wp","href":"https:\/\/api.w.org\/{rel}","templated":true}]}}