{"id":502,"date":"2019-09-04T09:30:39","date_gmt":"2019-09-04T07:30:39","guid":{"rendered":"http:\/\/blog.eprivacy.eu\/?p=502"},"modified":"2020-12-09T09:31:52","modified_gmt":"2020-12-09T08:31:52","slug":"mitteilungspflicht-nach-der-loeschung-von-daten-auf-anforderung-des-betroffenen-nach-artikel-19-dsgvo","status":"publish","type":"post","link":"https:\/\/blog.eprivacy.eu\/?p=502&lang=de","title":{"rendered":"Mitteilungspflicht nach der L\u00f6schung von Daten auf Anforderung des Betroffenen nach Artikel 19 DSGVO"},"content":{"rendered":"\n<p>Art. 19 DSGVO regelt eine Mitteilungspflicht nach der L\u00f6schung von personenbezogenen Daten,&nbsp;<em>wenn<\/em>&nbsp;diese L\u00f6schung auf Anforderung des Betroffenen erfolgt:<br><em>Art. 19 Mitteilungspflicht im Zusammenhang mit der [\u2026] L\u00f6schung personen\u00adbe\u00adzo\u00adgener Daten [\u2026]<\/em><br><em><sup>1<\/sup>Der Verantwortliche teilt allen Empf\u00e4ngern, denen personenbezogenen Daten offengelegt wurden, jede [\u2026] L\u00f6schung der personenbezogenen Daten [nach] Artikel 17 Absatz 1 [\u2026] mit, es sei denn, dies erweist sich als unm\u00f6glich oder ist mit einem unverh\u00e4ltnism\u00e4\u00dfigen Aufwand verbunden.&nbsp;<sup>2<\/sup>Der Verantwortliche unterrichtet die betroffene Person \u00fcber diese Empf\u00e4nger, wenn die betroffene Person dies verlangt.<\/em><br>&nbsp;<br>Adressaten der Mitteilung sind die \u201eEmpf\u00e4nger\u201c der Daten, also sowohl unabh\u00e4ngige Verantwortliche als auch Auftragsverarbeiter, die Daten erhalten haben; \u201eOffenlegung\u201c ist jede Form der Daten\u00fcbertragung (Art.&nbsp;4 Nr.&nbsp;9 und Nr.&nbsp;2 DSGVO).<br>Mitzuteilen ist die&nbsp;erfolgte&nbsp;L\u00f6schung der Daten wegen (a) Zweckerreichung, (b) Widerruf der Einwilligung, (c) Widerspruch des Betroffenen, (d) sonst fehlender oder weggefallener Rechtsgrundlage,&nbsp;<em>wenn<\/em>&nbsp;diese L\u00f6schung aufgrund einer&nbsp;Anforderung des Betroffenen&nbsp;nach Art.&nbsp;17 Abs.&nbsp;1&nbsp;geschah.&nbsp;<br>&nbsp;<br>Nach S. 2 muss&nbsp;<em>au\u00dferdem<\/em>&nbsp;der Betroffene \u00fcber die Empf\u00e4nger informiert werden,&nbsp;<em>wenn<\/em>&nbsp;er es verlangt. F\u00fcr die Mitteilungspflicht an die Empf\u00e4nger selbst bedarf es jedoch&nbsp;<em>keiner<\/em>&nbsp;Anforderung, diese muss \u201eautomatisch\u201c erfolgen!<br>&nbsp;<br>Zweck der Mitteilungspflicht ist die Gew\u00e4hrleistung des Rechts auf Vergessenwerden (EG 66 S.&nbsp;2). Was der Empf\u00e4nger der Mitteilung dann mit dieser Information macht, ist aber seine Sache.<br>&nbsp;<br>Konkret&nbsp;hat&nbsp;die Mitteilungspflicht nach Art.&nbsp;19 damit die folgenden&nbsp;Voraussetzungen:<\/p>\n\n\n\n<ol type=\"1\"><li>Der Verantwortliche h\u00e4lt personenbezogene Daten des Betroffenen und hat diese Daten auch an Dritte weitergegeben.<\/li><li>Der Betroffene macht beim Verantwortlichen einen L\u00f6schungsanspruch geltend.<\/li><li>Der Verantwortliche hat die Daten gel\u00f6scht.<\/li><li>Die Mitteilung an die Empf\u00e4nger ist nicht unm\u00f6glich oder unverh\u00e4ltnism\u00e4\u00dfig aufw\u00e4ndig.<\/li><\/ol>\n","protected":false},"excerpt":{"rendered":"<p>Art. 19 DSGVO regelt eine Mitteilungspflicht nach der L\u00f6schung von personenbezogenen Daten,&nbsp;wenn&nbsp;diese L\u00f6schung auf Anforderung des Betroffenen erfolgt:Art. 19 Mitteilungspflicht im Zusammenhang<\/p>\n<p class=\"link-more\"><a class=\"myButt \" href=\"https:\/\/blog.eprivacy.eu\/?p=502&#038;lang=de\">Read More<\/a><\/p>\n","protected":false},"author":1,"featured_media":0,"comment_status":"closed","ping_status":"open","sticky":false,"template":"","format":"standard","meta":[],"categories":[10],"tags":[],"_links":{"self":[{"href":"https:\/\/blog.eprivacy.eu\/index.php?rest_route=\/wp\/v2\/posts\/502"}],"collection":[{"href":"https:\/\/blog.eprivacy.eu\/index.php?rest_route=\/wp\/v2\/posts"}],"about":[{"href":"https:\/\/blog.eprivacy.eu\/index.php?rest_route=\/wp\/v2\/types\/post"}],"author":[{"embeddable":true,"href":"https:\/\/blog.eprivacy.eu\/index.php?rest_route=\/wp\/v2\/users\/1"}],"replies":[{"embeddable":true,"href":"https:\/\/blog.eprivacy.eu\/index.php?rest_route=%2Fwp%2Fv2%2Fcomments&post=502"}],"version-history":[{"count":1,"href":"https:\/\/blog.eprivacy.eu\/index.php?rest_route=\/wp\/v2\/posts\/502\/revisions"}],"predecessor-version":[{"id":503,"href":"https:\/\/blog.eprivacy.eu\/index.php?rest_route=\/wp\/v2\/posts\/502\/revisions\/503"}],"wp:attachment":[{"href":"https:\/\/blog.eprivacy.eu\/index.php?rest_route=%2Fwp%2Fv2%2Fmedia&parent=502"}],"wp:term":[{"taxonomy":"category","embeddable":true,"href":"https:\/\/blog.eprivacy.eu\/index.php?rest_route=%2Fwp%2Fv2%2Fcategories&post=502"},{"taxonomy":"post_tag","embeddable":true,"href":"https:\/\/blog.eprivacy.eu\/index.php?rest_route=%2Fwp%2Fv2%2Ftags&post=502"}],"curies":[{"name":"wp","href":"https:\/\/api.w.org\/{rel}","templated":true}]}}