{"id":547,"date":"2019-05-17T18:41:49","date_gmt":"2019-05-17T16:41:49","guid":{"rendered":"http:\/\/blog.eprivacy.eu\/?p=547"},"modified":"2020-12-09T18:43:07","modified_gmt":"2020-12-09T17:43:07","slug":"datenschutzkonferenz-der-betrieb-von-fangpages-ist-rechtswidrig","status":"publish","type":"post","link":"https:\/\/blog.eprivacy.eu\/?p=547&lang=de","title":{"rendered":"Datenschutzkonferenz: Der Betrieb von Fangpages ist rechtswidrig"},"content":{"rendered":"\n<p>Die Datenschutzkonferenz hat erneut ein&nbsp;<a href=\"https:\/\/www.datenschutz.rlp.de\/fileadmin\/lfdi\/Dokumente\/Orientierungshilfen\/Positionierung_Facebook_Fanpages.pdf?fbclid=IwAR34PsTad-zURPriHzyW3QLMUpCsRV8HMzI_3BTC1YDMjIyrIIswEpq9uoQ\" target=\"_blank\" rel=\"noreferrer noopener\">Positionspapier<\/a>&nbsp;ver\u00f6ffentlicht, dass den Betrieb von Fanpages f\u00fcr rechtswidrig erkl\u00e4rt.<\/p>\n\n\n\n<p>Die Fanpagebetreiber haben demnach eine Mitverantwortung f\u00fcr Facebook-Seiten. Aus diesem Grund wurden spezielle Vereinbarungen mit Facebook abgeschlossen.<\/p>\n\n\n\n<p>Diese Vereinbarung ist laut den Datenschutzbeh\u00f6rden allerdings nicht ausreichend wegen der mangelnden Aufkl\u00e4rung der Nutzer \u00fcber die Datenverarbeitung durch Facebook sowie aufgrund der eingeschr\u00e4nkten Mitspracherechte der Fanpagesbetreiber bei der Verarbeitung der Daten der Fanpagebesucher.<\/p>\n\n\n\n<p>Derartige Aussagen f\u00fchren zur Verunsicherung und zu erneuter \u00dcberpr\u00fcfung des Betriebs von Fanpages aus Angst vor Abmahnungen. Zur Risikominderung ist es sinnvoll die&nbsp;Fanpagebesucher in eigenen Datenschutzhinweisen \u00fcber die Datenverarbeitung sowie die&nbsp;Rechtsgrundlagen und&nbsp;Rechte zu informieren.<\/p>\n\n\n\n<p>Hier finden Sie die&nbsp;<a href=\"https:\/\/www.facebook.com\/legal\/terms\/page_controller_addendum\" target=\"_blank\" rel=\"noreferrer noopener\">Vereinbarung mit Facebook<\/a>&nbsp;und die dazu geh\u00f6renden&nbsp;<a href=\"https:\/\/www.facebook.com\/legal\/terms\/information_about_page_insights_data\" target=\"_blank\" rel=\"noreferrer noopener\">Datenschutzhinweise f\u00fcr Fanpages<\/a>.<\/p>\n\n\n\n<p>Haben Sie Fragen zur Ausgestaltung der Datenschutzhinweise?&nbsp;<a href=\"https:\/\/www.eprivacy.eu\/kontaktformular\/\" target=\"_blank\" rel=\"noreferrer noopener\">Kontaktieren Sie uns<\/a>&#8211; wir freuen uns jederzeit von Ihnen zu h\u00f6ren!&nbsp;<\/p>\n","protected":false},"excerpt":{"rendered":"<p>Die Datenschutzkonferenz hat erneut ein&nbsp;Positionspapier&nbsp;ver\u00f6ffentlicht, dass den Betrieb von Fanpages f\u00fcr rechtswidrig erkl\u00e4rt. Die Fanpagebetreiber haben demnach eine Mitverantwortung f\u00fcr Facebook-Seiten. Aus<\/p>\n<p class=\"link-more\"><a class=\"myButt \" href=\"https:\/\/blog.eprivacy.eu\/?p=547&#038;lang=de\">Read More<\/a><\/p>\n","protected":false},"author":1,"featured_media":0,"comment_status":"closed","ping_status":"open","sticky":false,"template":"","format":"standard","meta":[],"categories":[10],"tags":[],"_links":{"self":[{"href":"https:\/\/blog.eprivacy.eu\/index.php?rest_route=\/wp\/v2\/posts\/547"}],"collection":[{"href":"https:\/\/blog.eprivacy.eu\/index.php?rest_route=\/wp\/v2\/posts"}],"about":[{"href":"https:\/\/blog.eprivacy.eu\/index.php?rest_route=\/wp\/v2\/types\/post"}],"author":[{"embeddable":true,"href":"https:\/\/blog.eprivacy.eu\/index.php?rest_route=\/wp\/v2\/users\/1"}],"replies":[{"embeddable":true,"href":"https:\/\/blog.eprivacy.eu\/index.php?rest_route=%2Fwp%2Fv2%2Fcomments&post=547"}],"version-history":[{"count":1,"href":"https:\/\/blog.eprivacy.eu\/index.php?rest_route=\/wp\/v2\/posts\/547\/revisions"}],"predecessor-version":[{"id":548,"href":"https:\/\/blog.eprivacy.eu\/index.php?rest_route=\/wp\/v2\/posts\/547\/revisions\/548"}],"wp:attachment":[{"href":"https:\/\/blog.eprivacy.eu\/index.php?rest_route=%2Fwp%2Fv2%2Fmedia&parent=547"}],"wp:term":[{"taxonomy":"category","embeddable":true,"href":"https:\/\/blog.eprivacy.eu\/index.php?rest_route=%2Fwp%2Fv2%2Fcategories&post=547"},{"taxonomy":"post_tag","embeddable":true,"href":"https:\/\/blog.eprivacy.eu\/index.php?rest_route=%2Fwp%2Fv2%2Ftags&post=547"}],"curies":[{"name":"wp","href":"https:\/\/api.w.org\/{rel}","templated":true}]}}