{"id":631,"date":"2018-12-14T18:12:57","date_gmt":"2018-12-14T17:12:57","guid":{"rendered":"http:\/\/blog.eprivacy.eu\/?p=631"},"modified":"2020-12-12T18:14:31","modified_gmt":"2020-12-12T17:14:31","slug":"aktuelle-pruefungen-der-datenschutzbehoerden-in-bayern","status":"publish","type":"post","link":"https:\/\/blog.eprivacy.eu\/?p=631&lang=de","title":{"rendered":"Aktuelle Pr\u00fcfungen der Datenschutzbeh\u00f6rden in Bayern"},"content":{"rendered":"\n<p>Nach den vielen Mutma\u00dfungen&nbsp;\u00fcber Pr\u00fcfungen der Umsetzung der DSGVO, hat das Bayerische Landesamt f\u00fcr Datenschutzaufsicht (BayLDA) den Versand der Frageb\u00f6gen (<a href=\"https:\/\/www.lda.bayern.de\/media\/pruefungen\/201811_kmu_fragebogen.pdf\" target=\"_blank\" rel=\"noreferrer noopener\">online verf\u00fcgbar<\/a>) und Vor-Ort-Kontrollen wieder verst\u00e4rkt aufgenommen. Laut&nbsp;<a href=\"https:\/\/www.lda.bayern.de\/media\/pm2018_17_de.pdf\" target=\"_blank\" rel=\"noreferrer noopener\">Pressemitteilung des BayLDA<\/a>&nbsp;steht der sichere Betrieb von Online-Shops, der Verschl\u00fcsselungsschutz in Arzt-Praxen, die Erf\u00fcllung der Rechenschaftspflicht sowie die Umsetzung der Informationspflichten bei Unternehmen im Fokus.<\/p>\n\n\n\n<p>Es wird in der&nbsp;<a href=\"https:\/\/www.lda.bayern.de\/media\/pm2018_17_de.pdf\" target=\"_blank\" rel=\"noreferrer noopener\">Pressemitteilung<\/a>darauf verwiesen, dass die Kontrollen nicht die \u00dcberforderung der kleinen Betriebe, sondern die Sensibilisierung risikobehafteter Organisationen hinsichtlich m\u00f6glicher Gef\u00e4hrdungsquellen zum&nbsp;Ziel haben. Auch Vor-Ort-Besuche \u00fcber die schriftlichen Pr\u00fcfungen hinaus,&nbsp;um&nbsp;die Richtigkeit der Angaben zu kontrollieren, seien bei ausgew\u00e4hlten Unternehmen&nbsp;geplant, so das&nbsp;BayLDA.<\/p>\n\n\n\n<p>Ferner sollen die Datenschutzverletzungen bei (Unter-)Auftragsverarbeitern noch im Jahr 2018 gepr\u00fcft werden, da das Verh\u00e4ltnis der Meldungen von Verantwortlichen im Gegensatz zu Meldungen der Datenschutzvorf\u00e4lle internationaler&nbsp;Dienstleister laut&nbsp;BayLDA nicht proportional angestiegen ist. In diesem Zusammenhang werden&nbsp;voraussichtlich mehrere gr\u00f6\u00dfere datengetriebene Unternehmen mit internationalen Dienstleistern, unter anderem auch vor Ort, gepr\u00fcft.<\/p>\n\n\n\n<p>Auch das fristgerechte L\u00f6schen von Daten&nbsp;in ERP-Systemen nach DSGVO&nbsp;im&nbsp;Dezember 2018 steht&nbsp;bei der bayrischen Datenschutzbeh\u00f6rde im Fokus. Welche Unternehmen voraussichtlich davon betroffen sind, ist der Pressemitteilung nicht zu entnehmen.<\/p>\n","protected":false},"excerpt":{"rendered":"<p>Nach den vielen Mutma\u00dfungen&nbsp;\u00fcber Pr\u00fcfungen der Umsetzung der DSGVO, hat das Bayerische Landesamt f\u00fcr Datenschutzaufsicht (BayLDA) den Versand der Frageb\u00f6gen (online verf\u00fcgbar)<\/p>\n<p class=\"link-more\"><a class=\"myButt \" href=\"https:\/\/blog.eprivacy.eu\/?p=631&#038;lang=de\">Read More<\/a><\/p>\n","protected":false},"author":1,"featured_media":0,"comment_status":"closed","ping_status":"open","sticky":false,"template":"","format":"standard","meta":[],"categories":[10],"tags":[],"_links":{"self":[{"href":"https:\/\/blog.eprivacy.eu\/index.php?rest_route=\/wp\/v2\/posts\/631"}],"collection":[{"href":"https:\/\/blog.eprivacy.eu\/index.php?rest_route=\/wp\/v2\/posts"}],"about":[{"href":"https:\/\/blog.eprivacy.eu\/index.php?rest_route=\/wp\/v2\/types\/post"}],"author":[{"embeddable":true,"href":"https:\/\/blog.eprivacy.eu\/index.php?rest_route=\/wp\/v2\/users\/1"}],"replies":[{"embeddable":true,"href":"https:\/\/blog.eprivacy.eu\/index.php?rest_route=%2Fwp%2Fv2%2Fcomments&post=631"}],"version-history":[{"count":1,"href":"https:\/\/blog.eprivacy.eu\/index.php?rest_route=\/wp\/v2\/posts\/631\/revisions"}],"predecessor-version":[{"id":632,"href":"https:\/\/blog.eprivacy.eu\/index.php?rest_route=\/wp\/v2\/posts\/631\/revisions\/632"}],"wp:attachment":[{"href":"https:\/\/blog.eprivacy.eu\/index.php?rest_route=%2Fwp%2Fv2%2Fmedia&parent=631"}],"wp:term":[{"taxonomy":"category","embeddable":true,"href":"https:\/\/blog.eprivacy.eu\/index.php?rest_route=%2Fwp%2Fv2%2Fcategories&post=631"},{"taxonomy":"post_tag","embeddable":true,"href":"https:\/\/blog.eprivacy.eu\/index.php?rest_route=%2Fwp%2Fv2%2Ftags&post=631"}],"curies":[{"name":"wp","href":"https:\/\/api.w.org\/{rel}","templated":true}]}}