{"id":641,"date":"2018-12-14T18:17:33","date_gmt":"2018-12-14T17:17:33","guid":{"rendered":"http:\/\/blog.eprivacy.eu\/?p=641"},"modified":"2020-12-12T18:18:40","modified_gmt":"2020-12-12T17:18:40","slug":"brexit-aktuelles-zum-datenschutz","status":"publish","type":"post","link":"https:\/\/blog.eprivacy.eu\/?p=641&lang=de","title":{"rendered":"Brexit: Aktuelles zum Datenschutz"},"content":{"rendered":"\n<p>Da&nbsp;die Abstimmung des Britischen Parlaments \u00fcber den Austritt von Gro\u00dfbritannien aus der EU&nbsp;vergangenen Dienstag vertagt worden ist, ist es weiterhin nicht klar, ob es einen harten&nbsp;oder einen weichen&nbsp;Brexit geben wird. Es gab abhaltende Verhandlungen zur Ausgestaltung des Brexits. Welche Ausgestaltung des Datenschutzrechts sieht das Abkommen nun vor?<\/p>\n\n\n\n<p>Der vorliegende Entwurf f\u00fcr ein \u00dcbergangsabkommen sieht&nbsp;vor, dass&nbsp;das europ\u00e4ische Datenschutzrecht w\u00e4hrend der \u00dcbergangsphase bis Ende des Jahres 2020 weiterhin im Wesentlichen gelten soll. Wichtig&nbsp;dabei ist die im Abkommen festgelegte Unterscheidung von zwei Arten von Daten:&nbsp;auf der einen Seite die Daten, die bis zum Ablauf der \u00dcbergangsfrist&nbsp;verarbeitet wurden, auf der anderen Seite die Daten,&nbsp;die danach verarbeitet werden. So wird das EU Datenschutzrecht bis zum Ende der \u00dcbergangsphase weiterhin gelten. Danach er\u00f6ffnet sich f\u00fcr das Vereinigte K\u00f6nigreich durch den Artikel 71 des Abkommens die M\u00f6glichkeit&nbsp;nationales Datenschutzrecht zu beschlie\u00dfen. F\u00fcr das neue nationale Recht wird ein Angemessenheitsbeschluss mit der Europ\u00e4ischen Kommission ausgehandelt. Sollte dieser entfallen, verpflichtet sich Gro\u00dfbritannien dazu im Wesentlichen gleiche Datenschutzgesetze zu garantieren. Wichtig ist, dass die EU Daten aus dem Vereinigten K\u00f6nigreich wie die&nbsp;Daten aus einem Unionsmitgliedsstaat behandelt werden, so der Artikel 73 des \u00dcbergangskommens.<\/p>\n\n\n\n<p>Kommt es zu einem harten Brexit ohne das Abkommen, resultieren daraus gravierende Auswirkungen f\u00fcr die Datenverarbeiter. Laut der&nbsp;<a href=\"https:\/\/eur-lex.europa.eu\/legal-content\/EN\/ALL\/?uri=COM:2018:880:FIN\" target=\"_blank\" rel=\"noreferrer noopener\">Europ\u00e4ischen Kommission (Ver\u00f6ffentlichung vom 13.11.2018)<\/a>&nbsp;ist es im Falle eines No-Deals von signifikanten Beeintr\u00e4chtigungen in vielen Bereichen auszugehen. So sollten die&nbsp;Unternehmen&nbsp;und die Mitgliedsstaaten potentielle Risiken bewerten und ggf. Ma\u00dfnahmen zu dessen Abmilderung ergreifen.<\/p>\n\n\n\n<p>Sollte ein No-Deal-Szenario&nbsp;eintreten, wird&nbsp;das Vereinigte K\u00f6nigreich ab dem 30. M\u00e4rz 2019 datenschutzrechtlich als ein Drittland angesehen. Falls das passiert werden wir zu gegebener Zeit detaillierter dar\u00fcber berichten.<\/p>\n\n\n\n<p>Welches Szenario nun eintritt, wird&nbsp;die Britische Regierung voraussichtlich Anfang n\u00e4chsten Jahres entscheiden.<\/p>\n","protected":false},"excerpt":{"rendered":"<p>Da&nbsp;die Abstimmung des Britischen Parlaments \u00fcber den Austritt von Gro\u00dfbritannien aus der EU&nbsp;vergangenen Dienstag vertagt worden ist, ist es weiterhin nicht klar,<\/p>\n<p class=\"link-more\"><a class=\"myButt \" href=\"https:\/\/blog.eprivacy.eu\/?p=641&#038;lang=de\">Read More<\/a><\/p>\n","protected":false},"author":1,"featured_media":0,"comment_status":"closed","ping_status":"open","sticky":false,"template":"","format":"standard","meta":[],"categories":[10],"tags":[],"_links":{"self":[{"href":"https:\/\/blog.eprivacy.eu\/index.php?rest_route=\/wp\/v2\/posts\/641"}],"collection":[{"href":"https:\/\/blog.eprivacy.eu\/index.php?rest_route=\/wp\/v2\/posts"}],"about":[{"href":"https:\/\/blog.eprivacy.eu\/index.php?rest_route=\/wp\/v2\/types\/post"}],"author":[{"embeddable":true,"href":"https:\/\/blog.eprivacy.eu\/index.php?rest_route=\/wp\/v2\/users\/1"}],"replies":[{"embeddable":true,"href":"https:\/\/blog.eprivacy.eu\/index.php?rest_route=%2Fwp%2Fv2%2Fcomments&post=641"}],"version-history":[{"count":1,"href":"https:\/\/blog.eprivacy.eu\/index.php?rest_route=\/wp\/v2\/posts\/641\/revisions"}],"predecessor-version":[{"id":642,"href":"https:\/\/blog.eprivacy.eu\/index.php?rest_route=\/wp\/v2\/posts\/641\/revisions\/642"}],"wp:attachment":[{"href":"https:\/\/blog.eprivacy.eu\/index.php?rest_route=%2Fwp%2Fv2%2Fmedia&parent=641"}],"wp:term":[{"taxonomy":"category","embeddable":true,"href":"https:\/\/blog.eprivacy.eu\/index.php?rest_route=%2Fwp%2Fv2%2Fcategories&post=641"},{"taxonomy":"post_tag","embeddable":true,"href":"https:\/\/blog.eprivacy.eu\/index.php?rest_route=%2Fwp%2Fv2%2Ftags&post=641"}],"curies":[{"name":"wp","href":"https:\/\/api.w.org\/{rel}","templated":true}]}}