{"id":656,"date":"2018-10-26T18:25:36","date_gmt":"2018-10-26T16:25:36","guid":{"rendered":"http:\/\/blog.eprivacy.eu\/?p=656"},"modified":"2020-12-12T18:26:28","modified_gmt":"2020-12-12T17:26:28","slug":"hinweis-der-franzoesischen-datenschutzbehoerde-cnil-fuer-mobile-anwendungen-zur-messung-von-frequenz-und-anwesenheit-von-personen-im-oeffentlichen-raum","status":"publish","type":"post","link":"https:\/\/blog.eprivacy.eu\/?p=656&lang=de","title":{"rendered":"Hinweis der franz\u00f6sischen Datenschutzbeh\u00f6rde CNIL f\u00fcr mobile Anwendungen zur Messung von Frequenz und Anwesenheit von Personen im \u00f6ffentlichen Raum"},"content":{"rendered":"\n<p>Die CNIL hat gerade ihre Richtlinien f\u00fcr mobile Anwendungen zur Messung von Frequenz und Anwesenheit von Personen im \u00f6ffentlichen Raum ver\u00f6ffentlicht. Hier die Zusammenfassung der wichtigsten Punkte:<\/p>\n\n\n\n<ul><li>legitimes Interesse als Rechtsgrundlage m\u00f6glich<\/li><li>das Recht auf Information: Bei Systemen mit einem kurzfristigen Anonymisierungsprozess darf der&nbsp;Datenschutzhinweis kurz sein<\/li><li>das Widerspruchsrecht gegen die Erhebung und Verarbeitung personenbezogener Daten muss gew\u00e4hrleistet sein &#8211;&nbsp;die technische L\u00f6sung muss die Aus\u00fcbung dieses Rechts auf eine einfache Weise&nbsp;erm\u00f6glichen<\/li><li>es muss m\u00f6glich sein, die bereits erfassten Daten zu l\u00f6schen und eine erneute Datenerhebung \u00fcber die Person in der N\u00e4he des Ger\u00e4tes f\u00fcr die Zukunft zu verhindern<\/li><\/ul>\n\n\n\n<p><br>Weitere Informationen finden Sie in der vollst\u00e4ndigen Publikation (nur auf Franz\u00f6sisch verf\u00fcgbar):&nbsp;<a href=\"https:\/\/www.cnil.fr\/fr\/dispositifs-de-mesure-daudience-et-de-frequentation-dans-des-espaces-accessibles-au-public-la-cnil\" target=\"_blank\" rel=\"noreferrer noopener\">https:\/\/www.cnil.fr\/fr\/dispositifs-de-mesure-daudience-et-de-frequentation-dans-des-espaces-accessibles-au-public-la-cnil<\/a><\/p>\n","protected":false},"excerpt":{"rendered":"<p>Die CNIL hat gerade ihre Richtlinien f\u00fcr mobile Anwendungen zur Messung von Frequenz und Anwesenheit von Personen im \u00f6ffentlichen Raum ver\u00f6ffentlicht. Hier<\/p>\n<p class=\"link-more\"><a class=\"myButt \" href=\"https:\/\/blog.eprivacy.eu\/?p=656&#038;lang=de\">Read More<\/a><\/p>\n","protected":false},"author":1,"featured_media":0,"comment_status":"closed","ping_status":"open","sticky":false,"template":"","format":"standard","meta":[],"categories":[10],"tags":[],"_links":{"self":[{"href":"https:\/\/blog.eprivacy.eu\/index.php?rest_route=\/wp\/v2\/posts\/656"}],"collection":[{"href":"https:\/\/blog.eprivacy.eu\/index.php?rest_route=\/wp\/v2\/posts"}],"about":[{"href":"https:\/\/blog.eprivacy.eu\/index.php?rest_route=\/wp\/v2\/types\/post"}],"author":[{"embeddable":true,"href":"https:\/\/blog.eprivacy.eu\/index.php?rest_route=\/wp\/v2\/users\/1"}],"replies":[{"embeddable":true,"href":"https:\/\/blog.eprivacy.eu\/index.php?rest_route=%2Fwp%2Fv2%2Fcomments&post=656"}],"version-history":[{"count":1,"href":"https:\/\/blog.eprivacy.eu\/index.php?rest_route=\/wp\/v2\/posts\/656\/revisions"}],"predecessor-version":[{"id":657,"href":"https:\/\/blog.eprivacy.eu\/index.php?rest_route=\/wp\/v2\/posts\/656\/revisions\/657"}],"wp:attachment":[{"href":"https:\/\/blog.eprivacy.eu\/index.php?rest_route=%2Fwp%2Fv2%2Fmedia&parent=656"}],"wp:term":[{"taxonomy":"category","embeddable":true,"href":"https:\/\/blog.eprivacy.eu\/index.php?rest_route=%2Fwp%2Fv2%2Fcategories&post=656"},{"taxonomy":"post_tag","embeddable":true,"href":"https:\/\/blog.eprivacy.eu\/index.php?rest_route=%2Fwp%2Fv2%2Ftags&post=656"}],"curies":[{"name":"wp","href":"https:\/\/api.w.org\/{rel}","templated":true}]}}