{"id":693,"date":"2018-08-24T16:26:50","date_gmt":"2018-08-24T14:26:50","guid":{"rendered":"http:\/\/blog.eprivacy.eu\/?p=693"},"modified":"2020-12-13T16:27:38","modified_gmt":"2020-12-13T15:27:38","slug":"eprivacy-verordnung-in-2020","status":"publish","type":"post","link":"https:\/\/blog.eprivacy.eu\/?p=693&lang=de","title":{"rendered":"ePrivacy-Verordnung in 2020?"},"content":{"rendered":"\n<p>Die Verhandlungen \u00fcber die ePrivacy-Verordnung werden von der \u00f6sterreichischen Regierung w\u00e4hrend ihres Vorsitzes im Rat der Europ\u00e4ischen Union verschoben. Anscheinend wurden bisher nur wenige&nbsp;Anstrengungen unternommen, um eine Einigung zu erzielen. Es ist also unsicher, dass die Verordnung vor 2020 verabschiedet wird.<\/p>\n\n\n\n<p><br>Einen&nbsp;Artikel zu diesen Themen finden Sie unter:<br><a href=\"https:\/\/netzpolitik.org\/2018\/schutz-gegen-tracking-unerwuenscht-oesterreich-verschiebt-eprivacy-reform-auf-den-st-nimmerleinstag\/\" target=\"_blank\" rel=\"noreferrer noopener\">https:\/\/netzpolitik.org\/2018\/schutz-gegen-tracking-unerwuenscht-oesterreich-verschiebt-eprivacy-reform-auf-den-st-nimmerleinstag\/<\/a><\/p>\n","protected":false},"excerpt":{"rendered":"<p>Die Verhandlungen \u00fcber die ePrivacy-Verordnung werden von der \u00f6sterreichischen Regierung w\u00e4hrend ihres Vorsitzes im Rat der Europ\u00e4ischen Union verschoben. Anscheinend wurden bisher<\/p>\n<p class=\"link-more\"><a class=\"myButt \" href=\"https:\/\/blog.eprivacy.eu\/?p=693&#038;lang=de\">Read More<\/a><\/p>\n","protected":false},"author":1,"featured_media":0,"comment_status":"closed","ping_status":"open","sticky":false,"template":"","format":"standard","meta":[],"categories":[10],"tags":[],"_links":{"self":[{"href":"https:\/\/blog.eprivacy.eu\/index.php?rest_route=\/wp\/v2\/posts\/693"}],"collection":[{"href":"https:\/\/blog.eprivacy.eu\/index.php?rest_route=\/wp\/v2\/posts"}],"about":[{"href":"https:\/\/blog.eprivacy.eu\/index.php?rest_route=\/wp\/v2\/types\/post"}],"author":[{"embeddable":true,"href":"https:\/\/blog.eprivacy.eu\/index.php?rest_route=\/wp\/v2\/users\/1"}],"replies":[{"embeddable":true,"href":"https:\/\/blog.eprivacy.eu\/index.php?rest_route=%2Fwp%2Fv2%2Fcomments&post=693"}],"version-history":[{"count":1,"href":"https:\/\/blog.eprivacy.eu\/index.php?rest_route=\/wp\/v2\/posts\/693\/revisions"}],"predecessor-version":[{"id":694,"href":"https:\/\/blog.eprivacy.eu\/index.php?rest_route=\/wp\/v2\/posts\/693\/revisions\/694"}],"wp:attachment":[{"href":"https:\/\/blog.eprivacy.eu\/index.php?rest_route=%2Fwp%2Fv2%2Fmedia&parent=693"}],"wp:term":[{"taxonomy":"category","embeddable":true,"href":"https:\/\/blog.eprivacy.eu\/index.php?rest_route=%2Fwp%2Fv2%2Fcategories&post=693"},{"taxonomy":"post_tag","embeddable":true,"href":"https:\/\/blog.eprivacy.eu\/index.php?rest_route=%2Fwp%2Fv2%2Ftags&post=693"}],"curies":[{"name":"wp","href":"https:\/\/api.w.org\/{rel}","templated":true}]}}