{"id":703,"date":"2018-05-31T16:30:27","date_gmt":"2018-05-31T14:30:27","guid":{"rendered":"http:\/\/blog.eprivacy.eu\/?p=703"},"modified":"2020-12-13T16:31:14","modified_gmt":"2020-12-13T15:31:14","slug":"meldung-des-datenschutzbeauftragten-an-die-behoerde","status":"publish","type":"post","link":"https:\/\/blog.eprivacy.eu\/?p=703&lang=de","title":{"rendered":"Meldung des Datenschutzbeauftragten an die Beh\u00f6rde"},"content":{"rendered":"\n<p>Artikel 37 der DSGVO sieht die Ver\u00f6ffentlichung der Kontaktdaten des Datenschutzbeauftragten etwa in der Datenschutzerkl\u00e4rung sowie die Meldung an die zust\u00e4ndige Aufsichtsbeh\u00f6rde des Bundeslandes vor.&nbsp;<\/p>\n\n\n\n<p>Die Meldung an die Aufsichtsbeh\u00f6rde geben Sie bitte im Bundesland Ihres Firmensitzes ab.<\/p>\n\n\n\n<p>Falls Sie R\u00fcckfragen dazu haben, melden Sie sich gerne bei uns.<\/p>\n","protected":false},"excerpt":{"rendered":"<p>Artikel 37 der DSGVO sieht die Ver\u00f6ffentlichung der Kontaktdaten des Datenschutzbeauftragten etwa in der Datenschutzerkl\u00e4rung sowie die Meldung an die zust\u00e4ndige Aufsichtsbeh\u00f6rde<\/p>\n<p class=\"link-more\"><a class=\"myButt \" href=\"https:\/\/blog.eprivacy.eu\/?p=703&#038;lang=de\">Read More<\/a><\/p>\n","protected":false},"author":1,"featured_media":0,"comment_status":"closed","ping_status":"open","sticky":false,"template":"","format":"standard","meta":[],"categories":[10],"tags":[],"_links":{"self":[{"href":"https:\/\/blog.eprivacy.eu\/index.php?rest_route=\/wp\/v2\/posts\/703"}],"collection":[{"href":"https:\/\/blog.eprivacy.eu\/index.php?rest_route=\/wp\/v2\/posts"}],"about":[{"href":"https:\/\/blog.eprivacy.eu\/index.php?rest_route=\/wp\/v2\/types\/post"}],"author":[{"embeddable":true,"href":"https:\/\/blog.eprivacy.eu\/index.php?rest_route=\/wp\/v2\/users\/1"}],"replies":[{"embeddable":true,"href":"https:\/\/blog.eprivacy.eu\/index.php?rest_route=%2Fwp%2Fv2%2Fcomments&post=703"}],"version-history":[{"count":1,"href":"https:\/\/blog.eprivacy.eu\/index.php?rest_route=\/wp\/v2\/posts\/703\/revisions"}],"predecessor-version":[{"id":704,"href":"https:\/\/blog.eprivacy.eu\/index.php?rest_route=\/wp\/v2\/posts\/703\/revisions\/704"}],"wp:attachment":[{"href":"https:\/\/blog.eprivacy.eu\/index.php?rest_route=%2Fwp%2Fv2%2Fmedia&parent=703"}],"wp:term":[{"taxonomy":"category","embeddable":true,"href":"https:\/\/blog.eprivacy.eu\/index.php?rest_route=%2Fwp%2Fv2%2Fcategories&post=703"},{"taxonomy":"post_tag","embeddable":true,"href":"https:\/\/blog.eprivacy.eu\/index.php?rest_route=%2Fwp%2Fv2%2Ftags&post=703"}],"curies":[{"name":"wp","href":"https:\/\/api.w.org\/{rel}","templated":true}]}}