{"id":768,"date":"2017-04-28T17:07:20","date_gmt":"2017-04-28T15:07:20","guid":{"rendered":"http:\/\/blog.eprivacy.eu\/?p=768"},"modified":"2020-12-13T17:08:00","modified_gmt":"2020-12-13T16:08:00","slug":"eprivacy-whitepaper-welche-aenderungen-erfordert-die-dsgvo","status":"publish","type":"post","link":"https:\/\/blog.eprivacy.eu\/?p=768&lang=de","title":{"rendered":"ePrivacy Whitepaper: Welche \u00c4nderungen erfordert die DSGVO?"},"content":{"rendered":"\n<p>Ab dem 25.05.2018 wird die EU-Datenschutz-Grundverordnung (DSGVO) europaweit geltendes Recht \u2013 wie k\u00f6nnen Sie sich vorbereiten? Die Experten von ePrivacy Prof. Dr. Christoph Bauer, Dr. Frank Eickmeier und Dr. Anna T\u00e4schner haben f\u00fcr Sie die wichtigsten Punkte in einem \u00fcbersichtlichen Whitepaper zusammengefasst.&nbsp;<\/p>\n\n\n\n<p>Das gesamte Whitepaper k\u00f6nnen Sie&nbsp;<a href=\"https:\/\/www.eprivacy.eu\/fileadmin\/Redakteur\/News\/Whitepaper_DSGVO.pdf\" target=\"_blank\" rel=\"noreferrer noopener\">hier<\/a>&nbsp;herunterladen.<\/p>\n","protected":false},"excerpt":{"rendered":"<p>Ab dem 25.05.2018 wird die EU-Datenschutz-Grundverordnung (DSGVO) europaweit geltendes Recht \u2013 wie k\u00f6nnen Sie sich vorbereiten? Die Experten von ePrivacy Prof. Dr.<\/p>\n<p class=\"link-more\"><a class=\"myButt \" href=\"https:\/\/blog.eprivacy.eu\/?p=768&#038;lang=de\">Read More<\/a><\/p>\n","protected":false},"author":1,"featured_media":0,"comment_status":"closed","ping_status":"open","sticky":false,"template":"","format":"standard","meta":[],"categories":[10],"tags":[],"_links":{"self":[{"href":"https:\/\/blog.eprivacy.eu\/index.php?rest_route=\/wp\/v2\/posts\/768"}],"collection":[{"href":"https:\/\/blog.eprivacy.eu\/index.php?rest_route=\/wp\/v2\/posts"}],"about":[{"href":"https:\/\/blog.eprivacy.eu\/index.php?rest_route=\/wp\/v2\/types\/post"}],"author":[{"embeddable":true,"href":"https:\/\/blog.eprivacy.eu\/index.php?rest_route=\/wp\/v2\/users\/1"}],"replies":[{"embeddable":true,"href":"https:\/\/blog.eprivacy.eu\/index.php?rest_route=%2Fwp%2Fv2%2Fcomments&post=768"}],"version-history":[{"count":1,"href":"https:\/\/blog.eprivacy.eu\/index.php?rest_route=\/wp\/v2\/posts\/768\/revisions"}],"predecessor-version":[{"id":769,"href":"https:\/\/blog.eprivacy.eu\/index.php?rest_route=\/wp\/v2\/posts\/768\/revisions\/769"}],"wp:attachment":[{"href":"https:\/\/blog.eprivacy.eu\/index.php?rest_route=%2Fwp%2Fv2%2Fmedia&parent=768"}],"wp:term":[{"taxonomy":"category","embeddable":true,"href":"https:\/\/blog.eprivacy.eu\/index.php?rest_route=%2Fwp%2Fv2%2Fcategories&post=768"},{"taxonomy":"post_tag","embeddable":true,"href":"https:\/\/blog.eprivacy.eu\/index.php?rest_route=%2Fwp%2Fv2%2Ftags&post=768"}],"curies":[{"name":"wp","href":"https:\/\/api.w.org\/{rel}","templated":true}]}}