{"id":801,"date":"2017-01-17T17:22:42","date_gmt":"2017-01-17T16:22:42","guid":{"rendered":"http:\/\/blog.eprivacy.eu\/?p=801"},"modified":"2020-12-13T17:23:20","modified_gmt":"2020-12-13T16:23:20","slug":"eprivacy-verordnung-die-wichtigsten-aenderungen-im-ueberblick","status":"publish","type":"post","link":"https:\/\/blog.eprivacy.eu\/?p=801&lang=de","title":{"rendered":"ePrivacy-Verordnung: Die wichtigsten \u00c4nderungen im \u00dcberblick"},"content":{"rendered":"\n<p>Am 10. Januar hat die Europ\u00e4ische Kommission ihren offiziellen Vorschlag f\u00fcr die ePrivacy-Verordnung ver\u00f6ffentlicht, die zusammen mit der Datenschutzgrundverordnung im Mai 2018 in Kraft treten soll.&nbsp;Verb\u00e4nde und Akteure der Onlinewerbebranche haben den Entwurf bereits scharf kritisiert, da er gravierende Folgen f\u00fcr die Internetbranche und die Informationsgesellschaft habe.&nbsp;<\/p>\n\n\n\n<p>Was genau \u00e4ndert sich durch die ePrivacy-Verordnung, wenn ihr Vorschlag angenommen wird?&nbsp;Dr. Frank Eickmeier und Prof. Dr. Christoph Bauer haben die wichtigsten \u00c4nderungen f\u00fcr Sie zusammengefasst. Die detaillierte Stellungnahme finden Sie&nbsp;<a href=\"https:\/\/www.eprivacy.eu\/fileadmin\/Redakteur\/News\/20170118_ePrivacyVerordnung_Stellungnahme_ePrivacy.pdf\" target=\"_blank\" rel=\"noreferrer noopener\">hier<\/a>.<\/p>\n","protected":false},"excerpt":{"rendered":"<p>Am 10. Januar hat die Europ\u00e4ische Kommission ihren offiziellen Vorschlag f\u00fcr die ePrivacy-Verordnung ver\u00f6ffentlicht, die zusammen mit der Datenschutzgrundverordnung im Mai 2018<\/p>\n<p class=\"link-more\"><a class=\"myButt \" href=\"https:\/\/blog.eprivacy.eu\/?p=801&#038;lang=de\">Read More<\/a><\/p>\n","protected":false},"author":1,"featured_media":0,"comment_status":"closed","ping_status":"open","sticky":false,"template":"","format":"standard","meta":[],"categories":[10],"tags":[],"_links":{"self":[{"href":"https:\/\/blog.eprivacy.eu\/index.php?rest_route=\/wp\/v2\/posts\/801"}],"collection":[{"href":"https:\/\/blog.eprivacy.eu\/index.php?rest_route=\/wp\/v2\/posts"}],"about":[{"href":"https:\/\/blog.eprivacy.eu\/index.php?rest_route=\/wp\/v2\/types\/post"}],"author":[{"embeddable":true,"href":"https:\/\/blog.eprivacy.eu\/index.php?rest_route=\/wp\/v2\/users\/1"}],"replies":[{"embeddable":true,"href":"https:\/\/blog.eprivacy.eu\/index.php?rest_route=%2Fwp%2Fv2%2Fcomments&post=801"}],"version-history":[{"count":1,"href":"https:\/\/blog.eprivacy.eu\/index.php?rest_route=\/wp\/v2\/posts\/801\/revisions"}],"predecessor-version":[{"id":802,"href":"https:\/\/blog.eprivacy.eu\/index.php?rest_route=\/wp\/v2\/posts\/801\/revisions\/802"}],"wp:attachment":[{"href":"https:\/\/blog.eprivacy.eu\/index.php?rest_route=%2Fwp%2Fv2%2Fmedia&parent=801"}],"wp:term":[{"taxonomy":"category","embeddable":true,"href":"https:\/\/blog.eprivacy.eu\/index.php?rest_route=%2Fwp%2Fv2%2Fcategories&post=801"},{"taxonomy":"post_tag","embeddable":true,"href":"https:\/\/blog.eprivacy.eu\/index.php?rest_route=%2Fwp%2Fv2%2Ftags&post=801"}],"curies":[{"name":"wp","href":"https:\/\/api.w.org\/{rel}","templated":true}]}}