{"id":939,"date":"2021-03-11T11:19:00","date_gmt":"2021-03-11T10:19:00","guid":{"rendered":"http:\/\/blog.eprivacy.eu\/?p=939"},"modified":"2021-03-15T16:50:31","modified_gmt":"2021-03-15T15:50:31","slug":"newsletter-maerz-2021-datenschutzverstoss-wegen-unklarer-datenschutzerklaerung-millionen-strafe-gegen-facebook-in-italien","status":"publish","type":"post","link":"https:\/\/blog.eprivacy.eu\/?p=939&lang=de","title":{"rendered":"Newsletter M\u00e4rz 2021 &#8211; Datenschutzversto\u00df wegen unklarer Datenschutzerkl\u00e4rung: Millionen-Strafe gegen Facebook in Italien"},"content":{"rendered":"\n<figure class=\"wp-block-image size-large is-resized\"><img loading=\"lazy\" src=\"https:\/\/blog.eprivacy.eu\/wp-content\/uploads\/2021\/03\/grafik-14.png\" alt=\"\" class=\"wp-image-979\" width=\"383\" height=\"252\"\/><\/figure>\n\n\n\n<p>Noch h\u00f6her ist jedoch die Strafe, die die italienische Wettbewerbsbeh\u00f6rde (AGCM) jetzt gegen Facebook verh\u00e4ngte. 7 Millionen Euro muss Facebook in Italien zahlen. Vorgeworfen wird dem sozialen Netzwerk dabei, die Nutzer nicht ausreichend dar\u00fcber informiert zu haben, wie deren Daten tats\u00e4chlich genutzt werden.<\/p>\n\n\n\n<p>Facebook habe Nutzer, die sich auf der Plattform anmeldeten, nicht ausreichend dar\u00fcber informiert, wie das Unternehmen ihre Daten verwende, teilte die Kartellbeh\u00f6rde zur Begr\u00fcndung mit. Das Online-Netzwerk habe damit beh\u00f6rdliche Vorgaben aus dem November 2018 nicht umgesetzt.<\/p>\n\n\n\n<p>Die Informationen seien unvollst\u00e4ndig und nicht klar genug formuliert. Es sei f\u00fcr den Nutzer noch immer nicht unterscheidbar, welche Daten f\u00fcr Werbezwecke genutzt w\u00fcrden und welche zur Bildung eines Profils, das den Dienst f\u00fcr die Nutzer verbessern soll. Unterstellt wird damit eine &#8222;absichtliche Irref\u00fchrung&#8220; bei der Anmeldung.<\/p>\n\n\n\n<p>Kritisiert wird auch, dass Facebook seine eigenen kommerziellen Absichten nicht deutlich macht, daf\u00fcr aber immer wieder herausstellt, dass die Nutzung des Dienstes kostenlos ist.<\/p>\n\n\n\n<p>Bereits in einem vorangegangenen Urteil aus dem Jahr 2018 wurde Facebook verpflichtet, seine Datenschutzerkl\u00e4rung zu \u00e4ndern. Dies sei seither nicht ausreichend geschehen. Facebook sieht das anders und verwies in einer Reaktion darauf, dass die Entscheidung von November 2018 in einem noch laufenden Verfahren angefochten werde. Der Konzern habe nach eigener Meinung genug an den Nutzungsbedingungen ver\u00e4ndert, um sie verst\u00e4ndlicher zu machen.<\/p>\n\n\n\n<p>In den USA musste Facebook wegen Datenschutzvergehen sogar noch eine deutlich h\u00f6here Strafe hinnehmen. Hier war der Cambridge-Analytica-Skandal ausschlaggebend. Das Unternehmen musste dort 2019 sogar mehr als 5 Milliarden US-Dollar zahlen.<\/p>\n","protected":false},"excerpt":{"rendered":"<p>Noch h\u00f6her ist jedoch die Strafe, die die italienische Wettbewerbsbeh\u00f6rde (AGCM) jetzt gegen Facebook verh\u00e4ngte. 7 Millionen Euro muss Facebook in Italien<\/p>\n<p class=\"link-more\"><a class=\"myButt \" href=\"https:\/\/blog.eprivacy.eu\/?p=939&#038;lang=de\">Read More<\/a><\/p>\n","protected":false},"author":1,"featured_media":0,"comment_status":"closed","ping_status":"open","sticky":false,"template":"","format":"standard","meta":[],"categories":[10],"tags":[],"_links":{"self":[{"href":"https:\/\/blog.eprivacy.eu\/index.php?rest_route=\/wp\/v2\/posts\/939"}],"collection":[{"href":"https:\/\/blog.eprivacy.eu\/index.php?rest_route=\/wp\/v2\/posts"}],"about":[{"href":"https:\/\/blog.eprivacy.eu\/index.php?rest_route=\/wp\/v2\/types\/post"}],"author":[{"embeddable":true,"href":"https:\/\/blog.eprivacy.eu\/index.php?rest_route=\/wp\/v2\/users\/1"}],"replies":[{"embeddable":true,"href":"https:\/\/blog.eprivacy.eu\/index.php?rest_route=%2Fwp%2Fv2%2Fcomments&post=939"}],"version-history":[{"count":2,"href":"https:\/\/blog.eprivacy.eu\/index.php?rest_route=\/wp\/v2\/posts\/939\/revisions"}],"predecessor-version":[{"id":980,"href":"https:\/\/blog.eprivacy.eu\/index.php?rest_route=\/wp\/v2\/posts\/939\/revisions\/980"}],"wp:attachment":[{"href":"https:\/\/blog.eprivacy.eu\/index.php?rest_route=%2Fwp%2Fv2%2Fmedia&parent=939"}],"wp:term":[{"taxonomy":"category","embeddable":true,"href":"https:\/\/blog.eprivacy.eu\/index.php?rest_route=%2Fwp%2Fv2%2Fcategories&post=939"},{"taxonomy":"post_tag","embeddable":true,"href":"https:\/\/blog.eprivacy.eu\/index.php?rest_route=%2Fwp%2Fv2%2Ftags&post=939"}],"curies":[{"name":"wp","href":"https:\/\/api.w.org\/{rel}","templated":true}]}}