{"id":944,"date":"2021-03-11T11:27:07","date_gmt":"2021-03-11T10:27:07","guid":{"rendered":"http:\/\/blog.eprivacy.eu\/?p=944"},"modified":"2021-03-15T16:53:59","modified_gmt":"2021-03-15T15:53:59","slug":"newsletter-maerz-2021-die-endlich-neue-eprivacy-verordnung-was-kommt-auf-unternehmen-zu","status":"publish","type":"post","link":"https:\/\/blog.eprivacy.eu\/?p=944&lang=de","title":{"rendered":"Newsletter M\u00e4rz 2021 &#8211; Die (endlich) neue ePrivacy-Verordnung \u2013 was kommt auf Unternehmen zu?"},"content":{"rendered":"\n<figure class=\"wp-block-image size-large is-resized\"><img loading=\"lazy\" src=\"https:\/\/blog.eprivacy.eu\/wp-content\/uploads\/2021\/03\/grafik-6.png\" alt=\"\" class=\"wp-image-963\" width=\"477\" height=\"286\"\/><\/figure>\n\n\n\n<p><strong>Verbindliche EU-weite Datenschutzregeln durch die \u201ekleine Schwester\u201c der DSGVO<\/strong><\/p>\n\n\n\n<p>Mit der ePrivacy-Verordnung m\u00f6chte die Europ\u00e4ische Union weitere verbindliche Datenschutzregeln formulieren, die in der ganzen EU G\u00fcltigkeit haben. Sie soll zus\u00e4tzlich zu der bereits vorhandenen Datenschutz-Grundverordnung (DSGVO), sowie \u2013 in Deutschland \u2013 zus\u00e4tzlich zum Telemediengesetz und Telekommunikationsgesetz gelten.<\/p>\n\n\n\n<p><strong>Was ist das Ziel der ePrivacy-Verordnung?<\/strong><\/p>\n\n\n\n<p>Ziel der Verordnung ist es, das Vertrauen der B\u00fcrger in digitale Kommunikationswege zu st\u00e4rken. Die EU m\u00f6chte mit der ePrivacy-Verordnung die Privatsph\u00e4re von B\u00fcrgern online st\u00e4rken und den Datenschutz in diesem Bereich intensiver regulieren.<\/p>\n\n\n\n<p><strong>Worum soll es gehen?<\/strong><\/p>\n\n\n\n<p>Hier einige Beispiele:<\/p>\n\n\n\n<ul><li>Cookies: Opt-in an Stelle von Opt-out<ul><li>Website-Betreiber sollen Cookies nur dann setzen d\u00fcrfen, wenn der Nutzer dem auch konkret zugestimmt hat<\/li><\/ul><ul><li>auch bei nicht erfolgter Zustimmung sollen Nutzer alle Inhalte angezeigt bekommen (Kopplungsverbot)<\/li><\/ul><\/li><\/ul>\n\n\n\n<ul><li>Anforderungen an Daten\u00fcbermittlungen in der IoT\/Maschine-zu-Maschine-Kommunikation<ul><li>gleiche Anforderungen an die Daten\u00fcbermittlung wie dort, wo Nutzer direkt involviert sind<\/li><\/ul><ul><li>Ger\u00e4te sollen nur dann personenbezogene Daten \u00fcbermitteln d\u00fcrfen, wenn die Nutzer dem zugestimmt haben. z.B. bei GPS-Daten von Smartphones<\/li><\/ul><\/li><\/ul>\n\n\n\n<ul><li>verbindliche Ende-zu-Ende-Verschl\u00fcsselung bei Kommunikationsdiensten:<ul><li>Daten\u00fcbertragungen zur Kommunikation sollen vollst\u00e4ndig verschl\u00fcsselt stattfinden, auch Regierungen d\u00fcrfen keinen Zugriff haben<\/li><\/ul><ul><li>das Einrichten von \u201eBackdoors\u201c durch Hersteller, um Regierungen einen Zugang zu gew\u00e4hren, w\u00e4re so illegal<\/li><\/ul><\/li><\/ul>\n\n\n\n<p>Die neue ePrivacy-Verordnung soll k\u00fcnftig die derzeit geltende ePrivacy-Richtlinie ersetzen und die DSGVO erg\u00e4nzen.<\/p>\n\n\n\n<p><strong>Verordnung statt Richtlinie<\/strong><\/p>\n\n\n\n<p>Bei der aktuell geltenden ePrivacy-Richtlinie handelt es sich nicht um unmittelbar wirksames und verbindliches Recht, sondern um eine Richtlinie, die in den jeweiligen nationalen Gesetzen umgesetzt werden musste.<\/p>\n\n\n\n<p>Bei der neuen ePrivacy-Verordnung hingegen handelt es sich k\u00fcnftig um EU-weit direkt geltendes Recht.<\/p>\n\n\n\n<p><strong>Was geschieht mit DSGVO, Bundesdatenschutzgesetz TMG und TKG?<\/strong><\/p>\n\n\n\n<p>Die DSGVO bleibt bestehen und wird flankiert und konkretisiert durch die neue ePrivacy-Verordnung, auch ePV genannt. Die ePV \u2013 als \u201elex specialis\u201c \u2013 hat dabei Vorrang gegen\u00fcber der Datenschutz-Grundverordnung, welche als \u201elex generalis\u201c allgemeiner gehalten ist.<\/p>\n\n\n\n<p>Die ePV ist bei speziellen Punkten (insbesondere im Bereich des Internet) deutlicher als die Datenschutz-Grundverordnung und soll diesen besonderen Bereich damit besser regulieren.<\/p>\n\n\n\n<p>Zu\u00e4tzlich bestehen bleiben auch Bundesdatenschutzgesetz, Telemediengesetz und Telekommunikationsgesetz, \u00fcber deren aktuelle Anpassungen durch das neue Gesetz TTDSG wir in unserem Newsletter im August 2020 berichtet hatten.<\/p>\n\n\n\n<p><strong>Neue Entwicklungen auf dem Weg zur ePrivacy-Verordnung<\/strong><\/p>\n\n\n\n<p>Urspr\u00fcnglich sollten ePrivacy-Verordnung und DSGVO gleichzeitig in Kraft treten, der Gesetzgebungsprozess geriet jedoch ins Stocken. Seither arbeitet man am Verordnungstext, ein letzter Kompromissvorschlag war im November 2020 von den EU-Mitgliedsstaaten abgelehnt worden.<\/p>\n\n\n\n<p><strong>Jetzt aber gibt es Neuigkeiten<\/strong><\/p>\n\n\n\n<p>Unter der Ratspr\u00e4sidentschaft von Portugal wurde nun ein neuer Vorsto\u00df gewagt und der Rat der Europ\u00e4ischen Union einigte sich im Januar diesen Jahres auf eine gemeinsame Verhandlungsposition. Diese k\u00f6nnte die Verhandlungen zwischen EU-Kommission und Europaparlament er\u00f6ffnen und so das tats\u00e4chliche Inkrafttreten der Verordnung weiter voranbringen.<\/p>\n\n\n\n<p><strong>Wesentliche \u00c4nderungspunkte gegen\u00fcber den urspr\u00fcnglichen Fassungen:<\/strong><\/p>\n\n\n\n<ul><li>Streichung der \u201eBrowser-L\u00f6sung\u201c<ul><li>die gesetzliche Regelung des Einwilligungs-Managements \u00fcber den Browser wurde gestrichen<\/li><\/ul><\/li><\/ul>\n\n\n\n<ul><li>Streichung des Hinweises auf die freie Widerruflichkeit der Einwilligung zugunsten eines allgemeinen Verweises auf die DSGVO<\/li><\/ul>\n\n\n\n<ul><li>keine ausdr\u00fcckliche Einschr\u00e4nkung des Sammelns personenbezogener Daten f\u00fcr Werbezwecke durch Cookies (\u00fcber das Einwilligungserfordernis hinaus)<\/li><\/ul>\n\n\n\n<ul><li>Erhebung von Metadaten ohne eine ausdr\u00fcckliche vorherige Einwilligung<ul><li>\u201ekompatible Gr\u00fcnde\u201c sollen ausreichend f\u00fcr die Verarbeitung sein<\/li><\/ul><ul><li>Messenger-Dienste wie WhatsApp k\u00f6nnen so das Nutzerverhalten auswerten und die Ergebnisse f\u00fcr Werbema\u00dfnahmen einsetzen.<\/li><\/ul><\/li><\/ul>\n\n\n\n<ul><li>Schutz der Privatsph\u00e4re kann aus Gr\u00fcnden der nationalen Sicherheit und Verteidigung eingeschr\u00e4nkt werden<ul><li>personenbezogene Daten sind damit nicht mehr durch die Verordnung selbst vor vor der Nutzung durch Geheimdienste gesch\u00fctzt<\/li><\/ul><\/li><\/ul>\n\n\n\n<p><strong>Welche Bedeutung hat die neue Fassung in Bezug auf den Datenschutz?<\/strong><\/p>\n\n\n\n<p>Welchen Schutz genie\u00dfen Nutzer insbesondere bei der Nutzung von Online-Shops und Online-Diensten sowie bei der Nutzung von Webseiten allgemein? Kann ein Anbieter bestimmen, ob ein Dienst dem Nutzer zur Verf\u00fcgung steht, je nachdem ob der Speicherung von Cookies zugestimmt wird oder nicht?<\/p>\n\n\n\n<p>Wir halten Sie \u00fcber die neuesten Entwicklungen auf dem Laufenden. Mit einem Inkrafttreten des Gesetzes rechnen wir derzeit jedenfalls nicht vor 2022. Melden Sie sich gern bei uns, wenn Sie Fragen zur neuen ePrivacy-Verordnung haben.<\/p>\n","protected":false},"excerpt":{"rendered":"<p>Verbindliche EU-weite Datenschutzregeln durch die \u201ekleine Schwester\u201c der DSGVO Mit der ePrivacy-Verordnung m\u00f6chte die Europ\u00e4ische Union weitere verbindliche Datenschutzregeln formulieren, die in<\/p>\n<p class=\"link-more\"><a class=\"myButt \" href=\"https:\/\/blog.eprivacy.eu\/?p=944&#038;lang=de\">Read More<\/a><\/p>\n","protected":false},"author":1,"featured_media":0,"comment_status":"closed","ping_status":"open","sticky":false,"template":"","format":"standard","meta":[],"categories":[10],"tags":[],"_links":{"self":[{"href":"https:\/\/blog.eprivacy.eu\/index.php?rest_route=\/wp\/v2\/posts\/944"}],"collection":[{"href":"https:\/\/blog.eprivacy.eu\/index.php?rest_route=\/wp\/v2\/posts"}],"about":[{"href":"https:\/\/blog.eprivacy.eu\/index.php?rest_route=\/wp\/v2\/types\/post"}],"author":[{"embeddable":true,"href":"https:\/\/blog.eprivacy.eu\/index.php?rest_route=\/wp\/v2\/users\/1"}],"replies":[{"embeddable":true,"href":"https:\/\/blog.eprivacy.eu\/index.php?rest_route=%2Fwp%2Fv2%2Fcomments&post=944"}],"version-history":[{"count":2,"href":"https:\/\/blog.eprivacy.eu\/index.php?rest_route=\/wp\/v2\/posts\/944\/revisions"}],"predecessor-version":[{"id":964,"href":"https:\/\/blog.eprivacy.eu\/index.php?rest_route=\/wp\/v2\/posts\/944\/revisions\/964"}],"wp:attachment":[{"href":"https:\/\/blog.eprivacy.eu\/index.php?rest_route=%2Fwp%2Fv2%2Fmedia&parent=944"}],"wp:term":[{"taxonomy":"category","embeddable":true,"href":"https:\/\/blog.eprivacy.eu\/index.php?rest_route=%2Fwp%2Fv2%2Fcategories&post=944"},{"taxonomy":"post_tag","embeddable":true,"href":"https:\/\/blog.eprivacy.eu\/index.php?rest_route=%2Fwp%2Fv2%2Ftags&post=944"}],"curies":[{"name":"wp","href":"https:\/\/api.w.org\/{rel}","templated":true}]}}